{"id":3292,"date":"2024-09-12T21:49:32","date_gmt":"2024-09-12T19:49:32","guid":{"rendered":"https:\/\/pro-con.hu\/?p=3292"},"modified":"2024-09-12T21:56:37","modified_gmt":"2024-09-12T19:56:37","slug":"kemping-felujitas-kemping-fejlesztes-6-honap-alatt","status":"publish","type":"post","link":"https:\/\/pro-con.hu\/sr\/kemping-felujitas-kemping-fejlesztes-6-honap-alatt\/","title":{"rendered":"Kemping fel\u00faj\u00edt\u00e1s, avagy r\u00e9gi kempingek \u00fajj\u00e1\u00e9led\u00e9se ak\u00e1r 6 h\u00f3nap alatt: sikeres kont\u00e9ner kemping \u00fczleti terv \u00e9s kivitelez\u00e9s"},"content":{"rendered":"<h2 class=\"wp-block-heading\">Retro kemping kult\u00fara \u00fajj\u00e1\u00e9led\u00e9se<\/h2>\n\n\n\n<p>Kemping fel\u00faj\u00edt\u00e1s, kemping fejleszt\u00e9s, avagy r\u00e9gi kempingek \u00fajj\u00e1\u00e9led\u00e9se egy b\u00e1jos trend, mely a befektet\u0151k \u00e9s a turist\u00e1k sz\u00e1m\u00e1ra egyar\u00e1nt kedves. A &#8217;70-es \u00e9vekben Magyarorsz\u00e1gon is sz\u00e1mos kemping l\u00e9tes\u00fclt, ahol a csal\u00e1dok kipihenhett\u00e9k az \u00e9v f\u00e1radalmait. M\u00edg egyes csal\u00e1dok a Trabi vagy Moszkvics tetej\u00e9re r\u00f6gz\u00edtett s\u00e1torral v\u00e1gtak neki a ny\u00e1rnak, addig m\u00e1sok lak\u00f3kocsival \u00e9s t\u00e9rk\u00e9ppel vett\u00e9k nyakukba a v\u00edzpartot, mivel ez volt akkoriban az egyetlen anyagilag is megengedhet\u0151 nyaral\u00e1si forma. A retro kemping kult\u00fara \u00fajj\u00e1\u00e9led\u00e9se pedig \u00faj trendnek adhat teret. <\/p>\n\n\n\n<figure class=\"wp-block-image size-large\"><img fetchpriority=\"high\" decoding=\"async\" width=\"1024\" height=\"614\" src=\"https:\/\/pro-con.hu\/wp-content\/uploads\/2024\/09\/Kemping_felujitas-1024x614.jpg\" alt=\"\" class=\"wp-image-3293\" srcset=\"https:\/\/pro-con.hu\/wp-content\/uploads\/2024\/09\/Kemping_felujitas-1024x614.jpg 1024w, https:\/\/pro-con.hu\/wp-content\/uploads\/2024\/09\/Kemping_felujitas-300x180.jpg 300w, https:\/\/pro-con.hu\/wp-content\/uploads\/2024\/09\/Kemping_felujitas-768x461.jpg 768w, https:\/\/pro-con.hu\/wp-content\/uploads\/2024\/09\/Kemping_felujitas-18x12.jpg 18w, https:\/\/pro-con.hu\/wp-content\/uploads\/2024\/09\/Kemping_felujitas-600x360.jpg 600w, https:\/\/pro-con.hu\/wp-content\/uploads\/2024\/09\/Kemping_felujitas.jpg 1080w\" sizes=\"(max-width: 1024px) 100vw, 1024px\" \/><figcaption class=\"wp-element-caption\">Forr\u00e1s: <a href=\"https:\/\/femina.hu\/gyerek\/kempingezes-satrazas-regen-retro-fotok\/\" target=\"_blank\" rel=\"noopener\">https:\/\/femina.hu\/gyerek\/kempingezes-satrazas-regen-retro-fotok\/<\/a><\/figcaption><\/figure>\n\n\n\n<p>B\u00e1r a h\u00e9tk\u00f6znapokban megszokottn\u00e1l j\u00f3val kisebb helyen, j\u00f3val kev\u00e9sb\u00e9 komfortosan teltek a napok, m\u00e9gis, a kemping \u00e9let\u00e9rz\u00e9s \u00f6r\u00f6kre beiv\u00f3dik az ember eml\u00e9kezet\u00e9be.<\/p>\n\n\n\n<p>Az elm\u00falt \u00e9vtizedekben a kempingez\u00e9s n\u00e9pszer\u0171s\u00e9ge vil\u00e1gszerte folyamatosan n\u0151tt. A term\u00e9szet k\u00f6zels\u00e9ge, a szabadban elt\u00f6lt\u00f6tt id\u0151, \u00e9s a v\u00e1rosi zajb\u00f3l val\u00f3 kiszakad\u00e1s ir\u00e1nti v\u00e1gy rengeteg embert vonz a kempingekbe.<\/p>\n\n\n\n<figure class=\"wp-block-image size-large\"><img decoding=\"async\" width=\"1024\" height=\"670\" src=\"https:\/\/pro-con.hu\/wp-content\/uploads\/2024\/09\/kemping_felujitas2-1024x670.jpg\" alt=\"\" class=\"wp-image-3294\" srcset=\"https:\/\/pro-con.hu\/wp-content\/uploads\/2024\/09\/kemping_felujitas2-1024x670.jpg 1024w, https:\/\/pro-con.hu\/wp-content\/uploads\/2024\/09\/kemping_felujitas2-300x196.jpg 300w, https:\/\/pro-con.hu\/wp-content\/uploads\/2024\/09\/kemping_felujitas2-768x503.jpg 768w, https:\/\/pro-con.hu\/wp-content\/uploads\/2024\/09\/kemping_felujitas2-18x12.jpg 18w, https:\/\/pro-con.hu\/wp-content\/uploads\/2024\/09\/kemping_felujitas2-600x393.jpg 600w, https:\/\/pro-con.hu\/wp-content\/uploads\/2024\/09\/kemping_felujitas2.jpg 1080w\" sizes=\"(max-width: 1024px) 100vw, 1024px\" \/><figcaption class=\"wp-element-caption\">Forr\u00e1s: <a href=\"https:\/\/femina.hu\/gyerek\/kempingezes-satrazas-regen-retro-fotok\/\" target=\"_blank\" rel=\"noopener\">https:\/\/femina.hu\/gyerek\/kempingezes-satrazas-regen-retro-fotok\/<\/a><\/figcaption><\/figure>\n\n\n\n<h2 class=\"wp-block-heading\"><strong>Kempingfel\u00faj\u00edt\u00e1s, kempingek moderniz\u00e1l\u00e1sa: r\u00e9gi kincsek \u00faj k\u00f6nt\u00f6sben<\/strong><\/h2>\n\n\n\n<p>Kempingfel\u00faj\u00edt\u00e1s, kempingek moderniz\u00e1l\u00e1sa: r\u00e9gi kincsek \u00faj k\u00f6nt\u00f6sben: sok r\u00e9gi kemping, amelyek egykor a turizmus kiemelt pontjai voltak, m\u00e1ra el\u00f6regedtek. Az infrastrukt\u00fara elavult, a l\u00e9tes\u00edtm\u00e9nyek m\u00e1r nem felelnek meg a modern ig\u00e9nyeknek, \u00e9s a tulajdonosok gyakran neh\u00e9zs\u00e9gekkel k\u00fczdenek a fenntart\u00e1suk sor\u00e1n. Ugyanakkor ezek a kempingek f\u00f6ldrajzilag tov\u00e1bbra is kiv\u00e1l\u00f3 helyen tal\u00e1lhat\u00f3k, \u00e9s hatalmas lehet\u0151s\u00e9get k\u00edn\u00e1lnak az \u00faj befektet\u0151k sz\u00e1m\u00e1ra.<\/p>\n\n\n\n<figure class=\"wp-block-image size-full\"><img decoding=\"async\" width=\"605\" height=\"387\" src=\"https:\/\/pro-con.hu\/wp-content\/uploads\/2024\/09\/kemping_felujitas4.jpg\" alt=\"\" class=\"wp-image-3295\" srcset=\"https:\/\/pro-con.hu\/wp-content\/uploads\/2024\/09\/kemping_felujitas4.jpg 605w, https:\/\/pro-con.hu\/wp-content\/uploads\/2024\/09\/kemping_felujitas4-300x192.jpg 300w, https:\/\/pro-con.hu\/wp-content\/uploads\/2024\/09\/kemping_felujitas4-18x12.jpg 18w, https:\/\/pro-con.hu\/wp-content\/uploads\/2024\/09\/kemping_felujitas4-600x384.jpg 600w\" sizes=\"(max-width: 605px) 100vw, 605px\" \/><figcaption class=\"wp-element-caption\">Forr\u00e1s: Camping Adriatic Valamar<\/figcaption><\/figure>\n\n\n\n<p>A r\u00e9gi kempingek fel\u00faj\u00edt\u00e1sa \u00e9s moderniz\u00e1l\u00e1sa nemcsak a turizmus fellend\u00fcl\u00e9s\u00e9hez j\u00e1rul hozz\u00e1, hanem \u00faj v\u00e1llalkoz\u00e1soknak is teret adhat. A kempingfel\u00faj\u00edt\u00e1s, kempingek \u00e9rt\u00e9kn\u00f6vel\u0151 fel\u00faj\u00edt\u00e1sa komoly \u00fczleti lehet\u0151s\u00e9g, hiszen a kempingez\u00e9s ir\u00e1nti ig\u00e9nyek folyamatosan v\u00e1ltoznak. Gondoljunk csak egy modern horv\u00e1torsz\u00e1gi kempingre, ahol m\u00e1r nem el\u00e9g egy egyszer\u0171 s\u00e1torhely \u00e9s k\u00f6z\u00f6s zuhanyz\u00f3blokk, glamping s\u00e1tor, mobilh\u00e1z, kont\u00e9nerh\u00e1z, \u00e9lm\u00e9nymedence, wellness r\u00e9szleg \u00e9s gyerek j\u00e1tsz\u00f3sarok \u00e9s tov\u00e1bbi \u00e9lm\u00e9nyelemek is a szolg\u00e1ltat\u00e1s r\u00e9sz\u00e9t k\u00e9pezik. Az emberek egyre ink\u00e1bb a k\u00e9nyelmet \u00e9s a k\u00fcl\u00f6nleges \u00e9lm\u00e9nyeket keresik, mik\u00f6zben tov\u00e1bbra is szeretn\u00e9k \u00e9lvezni a term\u00e9szet ny\u00fajtotta nyugalmat.<\/p>\n\n\n\n<figure class=\"wp-block-image size-full\"><img loading=\"lazy\" decoding=\"async\" width=\"605\" height=\"403\" src=\"https:\/\/pro-con.hu\/wp-content\/uploads\/2024\/09\/gyerekbarat-kemping.jpg\" alt=\"\" class=\"wp-image-3297\" srcset=\"https:\/\/pro-con.hu\/wp-content\/uploads\/2024\/09\/gyerekbarat-kemping.jpg 605w, https:\/\/pro-con.hu\/wp-content\/uploads\/2024\/09\/gyerekbarat-kemping-300x200.jpg 300w, https:\/\/pro-con.hu\/wp-content\/uploads\/2024\/09\/gyerekbarat-kemping-18x12.jpg 18w, https:\/\/pro-con.hu\/wp-content\/uploads\/2024\/09\/gyerekbarat-kemping-600x400.jpg 600w\" sizes=\"(max-width: 605px) 100vw, 605px\" \/><figcaption class=\"wp-element-caption\">Forr\u00e1s: Camping Adriatic Valamar<\/figcaption><\/figure>\n\n\n\n<h2 class=\"wp-block-heading\"><strong>Kont\u00e9ner kempingh\u00e1z, modulh\u00e1z: a k\u00e9nyelem \u00e9s a term\u00e9szet k\u00f6zels\u00e9ge<\/strong><\/h2>\n\n\n\n<p>A legnagyobb el\u0151nye a kont\u00e9ner kempingh\u00e1zaknak, hogy gyorsan \u00e9s egyszer\u0171en telep\u00edthet\u0151k, mik\u00f6zben minden sz\u00fcks\u00e9ges k\u00e9nyelmet biztos\u00edtanak. K\u00fcl\u00f6nb\u00f6z\u0151 m\u00e9retekben \u00e9s elrendez\u00e9sekben \u00e9rhet\u0151k el, \u00edgy k\u00f6nnyed\u00e9n igaz\u00edthat\u00f3k a kemping adotts\u00e1gaihoz \u00e9s a l\u00e1togat\u00f3k ig\u00e9nyeihez. A modern bels\u0151 kialak\u00edt\u00e1s, a j\u00f3l szigetelt falak \u00e9s a praktikus elrendez\u00e9s mind hozz\u00e1j\u00e1rulnak ahhoz, hogy a vend\u00e9gek otthonosan \u00e9rezz\u00e9k magukat, mik\u00f6zben a term\u00e9szet k\u00f6zels\u00e9g\u00e9t \u00e9lvezhetik. A kont\u00e9ner kempingh\u00e1z, modulh\u00e1z a k\u00e9nyelem \u00e9s a term\u00e9szet k\u00f6zels\u00e9ge ny\u00fajtotta \u00e9lm\u00e9nyt attrakt\u00edvv\u00e1 teszi a befeketet\u0151k \u00e9s vend\u00e9gek sz\u00e1m\u00e1ra. <\/p>\n\n\n\n<p>A befektet\u0151k sz\u00e1m\u00e1ra a kont\u00e9ner kempingh\u00e1zak k\u00fcl\u00f6n\u00f6sen vonz\u00f3 lehet\u0151s\u00e9get jelentenek, hiszen befektet\u00e9s\u00fckkel l\u00e1tv\u00e1nyos eredm\u00e9nyeket \u00e9rhetnek el. A kont\u00e9nerh\u00e1zak modularit\u00e1sa lehet\u0151v\u00e9 teszi, hogy a kemping m\u00e9ret\u00e9nek \u00e9s kapacit\u00e1s\u00e1nak n\u00f6veked\u00e9s\u00e9vel \u00fajabb \u00e9s \u00fajabb egys\u00e9geket telep\u00edtsenek, \u00edgy a beruh\u00e1z\u00e1s folyamatosan n\u00f6velhet\u0151.<\/p>\n\n\n\n<figure class=\"wp-block-image size-full\"><img loading=\"lazy\" decoding=\"async\" width=\"605\" height=\"419\" src=\"https:\/\/pro-con.hu\/wp-content\/uploads\/2024\/09\/termeszetkozeli_szallas.jpg\" alt=\"\" class=\"wp-image-3298\" srcset=\"https:\/\/pro-con.hu\/wp-content\/uploads\/2024\/09\/termeszetkozeli_szallas.jpg 605w, https:\/\/pro-con.hu\/wp-content\/uploads\/2024\/09\/termeszetkozeli_szallas-300x208.jpg 300w, https:\/\/pro-con.hu\/wp-content\/uploads\/2024\/09\/termeszetkozeli_szallas-18x12.jpg 18w, https:\/\/pro-con.hu\/wp-content\/uploads\/2024\/09\/termeszetkozeli_szallas-600x416.jpg 600w\" sizes=\"(max-width: 605px) 100vw, 605px\" \/><figcaption class=\"wp-element-caption\"><a href=\"https:\/\/glampinghub.com\/portugal\/vianadocastelodistrict\/pontedabarca\/container-couples-getaway-portugal\/?dates=09\/08\/2024%20-%2009\/10\/2024&amp;adults=2&amp;referrer=collection\" target=\"_blank\" rel=\"noopener\">https:\/\/glampinghub.com\/portugal\/vianadocastelodistrict\/pontedabarca\/container-couples-getaway-portugal\/<\/a><\/figcaption><\/figure>\n\n\n\n<p>De milyen lehet\u0151s\u00e9gek k\u00f6z\u00fcl v\u00e1laszthat egy befektet\u0151, ha a kont\u00e9ner kemping projekt szimpatikus sz\u00e1m\u00e1ra? <\/p>\n\n\n\n<h2 class=\"wp-block-heading\">Fix telep\u00edt\u00e9s\u0171 kemping sz\u00e1ll\u00e1sok<\/h2>\n\n\n\n<h3 class=\"wp-block-heading\">Mobile home, kont\u00e9nerh\u00e1z vagy modulh\u00e1z<\/h3>\n\n\n\n<p>A mobile home, kont\u00e9nerh\u00e1z vagy modulh\u00e1z a kempingsz\u00e1ll\u00e1sok legk\u00e9nyelmesebb alternat\u00edv\u00e1ja.<\/p>\n\n\n\n<p>Mind \u00fczemeltet\u0151i, mind felhaszn\u00e1l\u00f3i szempontb\u00f3l a kemping mobilh\u00e1zak sz\u00e1mos el\u0151nyt k\u00edn\u00e1lnak, mint p\u00e9ld\u00e1ul a k\u00f6lts\u00e9ghat\u00e9konys\u00e1g, k\u00e9nyelem, rugalmass\u00e1g \u00e9s biztons\u00e1g. Ezek a tulajdons\u00e1gok teszik \u0151ket n\u00e9pszer\u0171v\u00e9 \u00e9s keresett\u00e9 a kempingiparban.<\/p>\n\n\n\n<figure class=\"wp-block-image size-full\"><img loading=\"lazy\" decoding=\"async\" width=\"605\" height=\"340\" src=\"https:\/\/pro-con.hu\/wp-content\/uploads\/2024\/09\/mobile-home_kempinghaz.jpg\" alt=\"\" class=\"wp-image-3299\" srcset=\"https:\/\/pro-con.hu\/wp-content\/uploads\/2024\/09\/mobile-home_kempinghaz.jpg 605w, https:\/\/pro-con.hu\/wp-content\/uploads\/2024\/09\/mobile-home_kempinghaz-300x169.jpg 300w, https:\/\/pro-con.hu\/wp-content\/uploads\/2024\/09\/mobile-home_kempinghaz-18x10.jpg 18w, https:\/\/pro-con.hu\/wp-content\/uploads\/2024\/09\/mobile-home_kempinghaz-600x337.jpg 600w\" sizes=\"(max-width: 605px) 100vw, 605px\" \/><figcaption class=\"wp-element-caption\">Forr\u00e1s: Camp4you<\/figcaption><\/figure>\n\n\n\n<p><strong>Kempingh\u00e1zak el\u0151nyei \u00fczemeltet\u0151i szemsz\u00f6gb\u0151l<\/strong><\/p>\n\n\n\n<ol class=\"wp-block-list\">\n<li><strong>K\u00f6lts\u00e9ghat\u00e9konys\u00e1g<\/strong>: A mobilh\u00e1zak telep\u00edt\u00e9se \u00e1ltal\u00e1ban olcs\u00f3bb, mint \u00e1lland\u00f3 \u00e9p\u00fcletek \u00e9p\u00edt\u00e9se. Ez a k\u00f6lts\u00e9ghat\u00e9konys\u00e1g mag\u00e1ban foglalja az \u00e9p\u00edt\u00e9si, karbantart\u00e1si \u00e9s \u00fczemeltet\u00e9si k\u00f6lts\u00e9geket.<\/li>\n\n\n\n<li><strong>Gyors telep\u00edt\u00e9s \u00e9s rugalmass\u00e1g<\/strong>: A mobilh\u00e1zak gyorsan \u00e9s k\u00f6nnyen telep\u00edthet\u0151k, ami lehet\u0151v\u00e9 teszi a gyors reag\u00e1l\u00e1st a piaci ig\u00e9nyekre. Emellett mobilit\u00e1suknak k\u00f6sz\u00f6nhet\u0151en k\u00f6nnyen \u00e1thelyezhet\u0151k vagy elt\u00e1vol\u00edthat\u00f3k, ha sz\u00fcks\u00e9ges.<\/li>\n\n\n\n<li><strong>Nagyobb kapacit\u00e1s \u00e9s vari\u00e1lhat\u00f3s\u00e1g<\/strong>: A mobilh\u00e1zak lehet\u0151v\u00e9 teszik a kemping ter\u00fclet\u00e9nek optim\u00e1lis kihaszn\u00e1l\u00e1s\u00e1t, mivel k\u00fcl\u00f6nb\u00f6z\u0151 m\u00e9retben \u00e9s elrendez\u00e9sben \u00e9rhet\u0151k el, alkalmazkodva a k\u00fcl\u00f6nb\u00f6z\u0151 vend\u00e9gig\u00e9nyekhez.<\/li>\n\n\n\n<li><strong>Fenntarthat\u00f3s\u00e1g \u00e9s energiahat\u00e9konys\u00e1g<\/strong>: Sok modern mobilh\u00e1z fenntarthat\u00f3 anyagokb\u00f3l k\u00e9sz\u00fcl, \u00e9s energiahat\u00e9kony megold\u00e1sokat alkalmaz, ami fontos lehet az \u00fczemeltet\u0151k sz\u00e1m\u00e1ra a k\u00f6rnyezettudatoss\u00e1g szempontj\u00e1b\u00f3l.<\/li>\n\n\n\n<li><strong>Karbantart\u00e1s \u00e9s tart\u00f3ss\u00e1g<\/strong>: A mobilh\u00e1zak k\u00f6nnyen karbantarthat\u00f3k, \u00e9s az anyagok min\u0151s\u00e9g\u00e9t\u0151l f\u00fcgg\u0151en hossz\u00fa \u00e9lettartam\u00faak. Az \u00fczemeltet\u0151k sz\u00e1m\u00e1ra ez alacsonyabb fenntart\u00e1si k\u00f6lts\u00e9geket jelenthet.<\/li>\n<\/ol>\n\n\n\n<p><strong>Kempingh\u00e1zak el\u0151nyei felhaszn\u00e1l\u00f3i szemsz\u00f6gb\u0151l<\/strong><\/p>\n\n\n\n<ol class=\"wp-block-list\">\n<li><strong>K\u00e9nyelem \u00e9s felszerelts\u00e9g<\/strong>: A modern mobilh\u00e1zak j\u00f3l felszereltek, k\u00e9nyelmes \u00e1gyakkal, f\u00fcrd\u0151szob\u00e1val, konyh\u00e1val \u00e9s l\u00e9gkondicion\u00e1l\u00f3val vagy f\u0171t\u00e9ssel, ami a vend\u00e9gek sz\u00e1m\u00e1ra k\u00e9nyelmesebb, mint a hagyom\u00e1nyos s\u00e1tras kempingez\u00e9s.<\/li>\n\n\n\n<li><strong>Priv\u00e1t t\u00e9r<\/strong>: A mobilh\u00e1zak priv\u00e1tabb teret biztos\u00edtanak, mint a s\u00e1trak vagy lak\u00f3kocsik, ami k\u00fcl\u00f6n\u00f6sen vonz\u00f3 lehet csal\u00e1dok \u00e9s p\u00e1rok sz\u00e1m\u00e1ra.<\/li>\n\n\n\n<li><strong>Biztons\u00e1g \u00e9s v\u00e9delem az id\u0151j\u00e1r\u00e1st\u00f3l<\/strong>: A mobilh\u00e1zak biztons\u00e1gos mened\u00e9ket ny\u00fajtanak, v\u00e9delmet biztos\u00edtva az id\u0151j\u00e1r\u00e1s viszontags\u00e1gaival szemben, mint p\u00e9ld\u00e1ul es\u0151, sz\u00e9l vagy h\u0151s\u00e9g.<\/li>\n\n\n\n<li><strong>Megfizethet\u0151s\u00e9g<\/strong>: A kemping mobilh\u00e1zak \u00e1ltal\u00e1ban olcs\u00f3bbak, mint a sz\u00e1llod\u00e1k vagy m\u00e1s t\u00edpus\u00fa sz\u00e1ll\u00e1sok, mik\u00f6zben k\u00e9nyelmesebb \u00e9s otthonosabb k\u00f6rnyezetet k\u00edn\u00e1lnak.<\/li>\n\n\n\n<li><strong>K\u00f6z\u00f6ss\u00e9gi \u00e9lm\u00e9ny<\/strong>: B\u00e1r a mobilh\u00e1zak mag\u00e1n\u00e9letet biztos\u00edtanak, a kemping k\u00f6rnyezete lehet\u0151s\u00e9get ad a k\u00f6z\u00f6ss\u00e9gi \u00e9lm\u00e9nyekre is, mint p\u00e9ld\u00e1ul k\u00f6z\u00f6s f\u0151z\u00e9sek, t\u00e1bort\u00fczek vagy egy\u00e9b szabadid\u0151s tev\u00e9kenys\u00e9gek.<\/li>\n<\/ol>\n\n\n\n<p>\u00d6sszess\u00e9g\u00e9ben a kempingh\u00e1zak (p\u00e9ld\u00e1ul P<a href=\"https:\/\/pro-con.hu\/sr\/\u043f\u0440\u043e\u0438\u0437\u0432\u043e\u0434\/pro-con-camp-20-kempinghaz\/\">RO-CAMP 20&#8242;<\/a> vagy <a href=\"https:\/\/pro-con.hu\/sr\/\u043f\u0440\u043e\u0438\u0437\u0432\u043e\u0434\/pro-con-camp-40-kemping-haz\/\">PRO-CAMP 40&#8242;)<\/a> mind az \u00fczemeltet\u0151k, mind a vend\u00e9gek sz\u00e1m\u00e1ra sz\u00e1mos el\u0151nyt k\u00edn\u00e1lnak. A k\u00f6lts\u00e9ghat\u00e9konys\u00e1g, gyors telep\u00edt\u00e9s \u00e9s fenntarthat\u00f3s\u00e1g miatt vonz\u00f3 opci\u00f3t jelentenek a tulajdonosok sz\u00e1m\u00e1ra, m\u00edg a k\u00e9nyelem, biztons\u00e1g \u00e9s priv\u00e1t t\u00e9r a vend\u00e9gek el\u00e9gedetts\u00e9g\u00e9t n\u00f6veli. A mobilh\u00e1zak rugalmas \u00e9s praktikus megold\u00e1st ny\u00fajtanak, amely a modern kempingez\u00e9s ig\u00e9nyeit teljes m\u00e9rt\u00e9kben kiel\u00e9g\u00edti. Ez\u00e1ltal olyan \u00e9lm\u00e9nyt k\u00edn\u00e1lnak, amely \u00f6tv\u00f6zi a term\u00e9szet k\u00f6zels\u00e9g\u00e9t a komforttal \u00e9s a megfizethet\u0151s\u00e9<\/p>\n\n\n\n<h3 class=\"wp-block-heading\">Glamping s\u00e1tor <\/h3>\n\n\n\n<p>A glamping (glamorous camping) s\u00e1tor a luxus \u00e9s a term\u00e9szet k\u00f6z\u00f6tti t\u00f6k\u00e9letes egyens\u00falyt k\u00e9pviseli, amely mind az \u00fczemeltet\u0151k, mind a vend\u00e9gek sz\u00e1m\u00e1ra vonz\u00f3 megold\u00e1s. Az \u00fczemeltet\u0151k sz\u00e1m\u00e1ra k\u00f6lts\u00e9ghat\u00e9kony \u00e9s fenntarthat\u00f3 alternat\u00edva, amely gyorsan telep\u00edthet\u0151, \u00e9s rugalmasan alkalmazkodik a vend\u00e9gig\u00e9nyekhez. A vend\u00e9gek pedig a hagyom\u00e1nyos kempingez\u00e9s k\u00f6zvetlen term\u00e9szet\u00e9lm\u00e9ny\u00e9t \u00e9lvezhetik, mik\u00f6zben a modern k\u00e9nyelem \u00e9s st\u00edlus ny\u00fajtotta luxusban pihenhetnek. A glamping s\u00e1torok exkluz\u00edv \u00e9s k\u00e9nyelmes k\u00f6rnyezetet k\u00edn\u00e1lnak a term\u00e9szet k\u00f6zels\u00e9g\u00e9ben, ide\u00e1lis mened\u00e9ket ny\u00fajtva az elvonulni v\u00e1gy\u00f3knak.<\/p>\n\n\n\n<p><strong>Glamping s\u00e1tor \u00fczemeltet\u0151i szemsz\u00f6gb\u0151l<\/strong><\/p>\n\n\n\n<ol class=\"wp-block-list\">\n<li><strong>K\u00f6lts\u00e9ghat\u00e9konys\u00e1g \u00e9s befektet\u00e9si megt\u00e9r\u00fcl\u00e9s:<\/strong>  glamping s\u00e1trak telep\u00edt\u00e9se \u00e1ltal\u00e1ban alacsonyabb k\u00f6lts\u00e9ggel j\u00e1r, mint egy kont\u00e9nerh\u00e1z \u00e9p\u00edt\u00e9se, m\u00e9gis pr\u00e9mium \u00e1ron \u00e9rt\u00e9kes\u00edthet\u0151 a sz\u00e1ll\u00e1s szolg\u00e1ltat\u00e1s. Karbantart\u00e1suk szempontj\u00e1b\u00f3l kev\u00e9sb\u00e9 k\u00f6lts\u00e9gesek, mint a mobilh\u00e1zak, mivel alacsonyabb m\u0171szaki tartalommal rendelkeznek.<\/li>\n\n\n\n<li><strong>Rugalmass\u00e1g \u00e9s sk\u00e1l\u00e1zhat\u00f3s\u00e1g:<\/strong> a s\u00e1trak k\u00f6nnyen telep\u00edthet\u0151k \u00e9s elt\u00e1vol\u00edthat\u00f3k, \u00edgy a ter\u00fclet felhaszn\u00e1l\u00e1sa gyorsan v\u00e1ltoztathat\u00f3, ha sz\u00fcks\u00e9ges. Az \u00fczlet gyorsan b\u0151v\u00edthet\u0151 tov\u00e1bbi s\u00e1trak hozz\u00e1ad\u00e1s\u00e1val, hogy kiel\u00e9g\u00edtse a n\u00f6vekv\u0151 keresletet.<\/li>\n\n\n\n<li><strong>K\u00f6nyezeti szempontok: <\/strong>a glamping s\u00e1trak gyakran kisebb \u00f6kol\u00f3giai l\u00e1bnyomot hagynak, mivel minimaliz\u00e1lj\u00e1k a tereprendez\u00e9st \u00e9s az \u00e9p\u00edt\u00e9si munk\u00e1latokat. A term\u00e9szettel val\u00f3 harm\u00f3nia sem utols\u00f3 szempont: a s\u00e1trak gyakran fenntarthat\u00f3 anyagokb\u00f3l k\u00e9sz\u00fclnek, \u00e9s lehet\u0151s\u00e9g\u00fck van beilleszkedni a k\u00f6rnyezetbe, \u00edgy vonz\u00f3bb\u00e1 t\u00e9ve az \u00f6kotudatos vend\u00e9gek sz\u00e1m\u00e1ra.<\/li>\n\n\n\n<li><strong>V\u00e1ltozatos c\u00e9lcsoport el\u00e9r\u00e9se:<\/strong> a glamping sz\u00e9les c\u00e9lcsoportot vonzhat, bele\u00e9rtve a luxust keres\u0151ket, a term\u00e9szet szerelmeseit, \u00e9s a csal\u00e1dokat. <\/li>\n<\/ol>\n\n\n\n<p>Glampin s\u00e1tor felhaszn\u00e1l\u00f3i szemsz\u00f6gb\u0151l<\/p>\n\n\n\n<ol class=\"wp-block-list\">\n<li><strong>K\u00e9nyelem \u00e9s luxus:<\/strong> a glamping s\u00e1trak gyakran magas szint\u0171 k\u00e9nyelmet ny\u00fajtanak, bele\u00e9rtve a k\u00e9nyelmes \u00e1gyakat, b\u00fatorokat, \u00e1ram ell\u00e1totts\u00e1got, \u00e9s f\u0171t\u00e9st\/h\u0171t\u00e9st is. Sok glamping s\u00e1torban tal\u00e1lhat\u00f3 saj\u00e1t f\u00fcrd\u0151szoba, kis konyha, \u00e9s egy\u00e9b luxus k\u00e9nyelmi szolg\u00e1ltat\u00e1sok, amelyek a hagyom\u00e1nyos kempingez\u00e9st\u0151l elt\u00e9r\u0151, luxus \u00e9lm\u00e9nyt ny\u00fajtanak.<\/li>\n\n\n\n<li><strong>Kapcsol\u00f3d\u00e1s a term\u00e9szettel:<\/strong> a glamping s\u00e1trak \u00e1ltal\u00e1ban gy\u00f6ny\u00f6r\u0171 term\u00e9szeti k\u00f6rnyezetben helyezkednek el, lehet\u0151v\u00e9 t\u00e9ve a vend\u00e9gek sz\u00e1m\u00e1ra, hogy k\u00f6zelebb ker\u00fcljenek a term\u00e9szethez an\u00e9lk\u00fcl, hogy fel kellene adniuk a k\u00e9nyelmet. A vend\u00e9gek gyakran \u00e9lvezhetik a szabadban v\u00e9gzett tev\u00e9kenys\u00e9geket, p\u00e9ld\u00e1ul t\u00far\u00e1z\u00e1st, horg\u00e1szatot vagy csillagn\u00e9z\u00e9st.<\/li>\n\n\n\n<li><strong>Egyedis\u00e9g \u00e9s \u00e9lm\u00e9nyk\u00f6zpont\u00fas\u00e1g:<\/strong> a glamping \u00e9lm\u00e9ny egyedi \u00e9s k\u00fcl\u00f6nleges, amelyet sokan nem tapasztalnak meg a hagyom\u00e1nyos sz\u00e1llod\u00e1kban vagy kempingekben. Ez lehet\u0151s\u00e9get ad a vend\u00e9geknek, hogy \u00faj \u00e9lm\u00e9nyeket szerezzenek, an\u00e9lk\u00fcl, hogy kompromisszumot kellene k\u00f6tni\u00fck a k\u00e9nyelem ter\u00e9n. <\/li>\n\n\n\n<li><strong>Biztons\u00e1g \u00e9s priv\u00e1t szf\u00e9ra:<\/strong> glamping s\u00e1trak gyakran t\u00f6bb priv\u00e1t teret k\u00edn\u00e1lnak, mint a hagyom\u00e1nyos kempingez\u00e9si helyek, ami vonz\u00f3 lehet a csal\u00e1dok vagy a p\u00e1rok sz\u00e1m\u00e1ra. A modern glamping s\u00e1trak gyakran biztons\u00e1gosabbak \u00e9s id\u0151j\u00e1r\u00e1s\u00e1ll\u00f3bbak, mint a hagyom\u00e1nyos s\u00e1trak, ez\u00e1ltal n\u00f6velve a vend\u00e9gek biztons\u00e1g\u00e9rzet\u00e9t.<br><br>Ezen jellemz\u0151k mindk\u00e9t f\u00e9l sz\u00e1m\u00e1ra vonz\u00f3v\u00e1 teszik a glamping s\u00e1trakat, \u00e9s hozz\u00e1j\u00e1rulnak a glamping n\u00e9pszer\u0171s\u00e9g\u00e9nek n\u00f6veked\u00e9s\u00e9hez m\u00e1r haz\u00e1nkban is. <\/li>\n<\/ol>\n\n\n\n<h3 class=\"wp-block-heading\">Ideiglenes kemping sz\u00e1ll\u00e1s t\u00edpusok<\/h3>\n\n\n\n<p>Mi\u00e9rt el\u0151ny\u00f6s a lak\u00f3aut\u00f3, lak\u00f3kocsi, s\u00e1torhely parcell\u00e1k kiad\u00e1sa egy kempingben? Az ideiglenes kemping sz\u00e1ll\u00e1s t\u00edpusok, azaz a lak\u00f3aut\u00f3-, lak\u00f3kocsi- \u00e9s s\u00e1torhely parcell\u00e1k kiad\u00e1sa egy kempingben sz\u00e1mos el\u0151nyt k\u00edn\u00e1l az \u00fczemeltet\u0151k sz\u00e1m\u00e1ra. Ezek a parcell\u00e1k rugalmas \u00e9s k\u00f6lts\u00e9ghat\u00e9kony megold\u00e1st jelentenek, hiszen nem ig\u00e9nyelnek \u00e1lland\u00f3 \u00e9p\u00edtkez\u00e9st, m\u00e9gis k\u00e9pesek v\u00e1ltozatos vend\u00e9gig\u00e9nyeket kiel\u00e9g\u00edteni. Emellett a vend\u00e9gek sz\u00e1m\u00e1ra is vonz\u00f3 lehet\u0151s\u00e9get k\u00edn\u00e1lnak, hiszen biztos\u00edtj\u00e1k a szabads\u00e1g \u00e9rz\u00e9s\u00e9t \u00e9s a term\u00e9szet k\u00f6zels\u00e9g\u00e9t, mik\u00f6zben a parcell\u00e1k infrastrukt\u00far\u00e1ja alapvet\u0151 k\u00e9nyelmet \u00e9s biztons\u00e1got ny\u00fajt.<\/p>\n\n\n\n<p>A lak\u00f3aut\u00f3- \u00e9s lak\u00f3kocsi-parcell\u00e1k kiad\u00e1sa egy kempingben t\u00f6bb szempontb\u00f3l is j\u00f3 \u00fczleti lehet\u0151s\u00e9g. \u00cdme n\u00e9h\u00e1ny ok:<\/p>\n\n\n\n<ol class=\"wp-block-list\">\n<li><strong>Stabil j\u00f6vedelemforr\u00e1s:<\/strong> a parcell\u00e1k b\u00e9rbead\u00e1sa stabil j\u00f6vedelmet biztos\u00edt a kemping tulajdonos\u00e1nak, k\u00fcl\u00f6n\u00f6sen a f\u0151szezonban (ny\u00e1ri h\u00f3napokban), amikor a kereslet a legmagasabb. A parcell\u00e1k foglalts\u00e1gi ar\u00e1nya gyakran magas, k\u00fcl\u00f6n\u00f6sen n\u00e9pszer\u0171 turisztikai c\u00e9lpontok k\u00f6zel\u00e9ben, ami hossz\u00fa t\u00e1von is fenntarthat\u00f3 bev\u00e9telt jelenthet.<\/li>\n\n\n\n<li><strong>Alacsonyabb fenntart\u00e1si k\u00f6lts\u00e9gek:<\/strong> a lak\u00f3aut\u00f3- \u00e9s lak\u00f3kocsi-parcell\u00e1k fenntart\u00e1si k\u00f6lts\u00e9gei \u00e1ltal\u00e1ban alacsonyabbak, mint a teljes infrastrukt\u00far\u00e1val (pl. szob\u00e1kkal, f\u00fcrd\u0151kkel) rendelkez\u0151 kempingek\u00e9. Nincs sz\u00fcks\u00e9g a parcell\u00e1k bels\u0151 berendez\u00e9s\u00e9re vagy folyamatos karbantart\u00e1s\u00e1ra, mivel a vend\u00e9gek saj\u00e1t lak\u00f3aut\u00f3ikkal vagy lak\u00f3kocsijaikkal \u00e9rkeznek.<\/li>\n\n\n\n<li><strong>Magasabb kihaszn\u00e1lts\u00e1gi ar\u00e1ny<\/strong>: a lak\u00f3aut\u00f3z\u00e1s \u00e9s a lak\u00f3kocsiz\u00e1s egyre n\u00e9pszer\u0171bb\u00e9 v\u00e1lik, k\u00fcl\u00f6n\u00f6sen a szabads\u00e1g\u00e9rzet \u00e9s a f\u00fcggetlens\u00e9g ir\u00e1nti n\u00f6vekv\u0151 ig\u00e9ny miatt. Ez n\u00f6veli a parcell\u00e1k ir\u00e1nti keresletet. Egy j\u00f3l elhelyezked\u0151 kemping, amely k\u00f6zel van term\u00e9szeti l\u00e1tnival\u00f3khoz vagy turisztikai attrakci\u00f3khoz, k\u00f6nnyen magas kihaszn\u00e1lts\u00e1gi ar\u00e1nyt \u00e9rhet el.<\/li>\n\n\n\n<li><strong>V\u00e1ltozatos \u00fcgyf\u00e9lk\u00f6r<\/strong>: a lak\u00f3aut\u00f3- \u00e9s lak\u00f3kocsi-parcell\u00e1k k\u00fcl\u00f6nb\u00f6z\u0151 t\u00edpus\u00fa \u00fcgyfeleket vonzanak, bele\u00e9rtve a csal\u00e1dokat, fiatal p\u00e1rokat, nyugd\u00edjasokat \u00e9s a kalandv\u00e1gy\u00f3 fiatalokat. A k\u00fcl\u00f6nb\u00f6z\u0151 c\u00e9lcsoportok jelenl\u00e9te n\u00f6veli a kemping n\u00e9pszer\u0171s\u00e9g\u00e9t, \u00e9s lehet\u0151s\u00e9get ad k\u00fcl\u00f6nf\u00e9le szolg\u00e1ltat\u00e1sok k\u00edn\u00e1lat\u00e1ra.<\/li>\n\n\n\n<li><strong>Egyszer\u0171bb \u00fczemeltet\u00e9s<\/strong>: A kemping \u00fczemeltet\u00e9se egyszer\u0171, mivel nincs sz\u00fcks\u00e9g a vend\u00e9gek sz\u00e1ll\u00e1shely\u00e9nek napi karbantart\u00e1s\u00e1ra, mint p\u00e9ld\u00e1ul egy sz\u00e1llod\u00e1ban vagy panzi\u00f3ban. Az automatiz\u00e1lt rendszerek (pl. online foglal\u00e1si rendszerek) haszn\u00e1lat\u00e1val minimaliz\u00e1lhat\u00f3k a hum\u00e1n er\u0151forr\u00e1sig\u00e9nyek. <\/li>\n\n\n\n<li><strong>Kieg\u00e9sz\u00edt\u0151 bev\u00e9teli forr\u00e1sok<\/strong>: A parcell\u00e1k b\u00e9rbead\u00e1sa mellett tov\u00e1bbi bev\u00e9teli forr\u00e1sokat is k\u00edn\u00e1lhat a kemping, p\u00e9ld\u00e1ul az elektromos csatlakoz\u00e1sok, v\u00edz- \u00e9s szennyv\u00edzkezel\u00e9s d\u00edjai, tov\u00e1bbi extr\u00e1k, mint p\u00e9ld\u00e1ul grillez\u00e9si lehet\u0151s\u00e9gek, t\u0171zrak\u00f3helyek, bolt, \u00e9tterem, b\u00e1r, vagy egy\u00e9b szolg\u00e1ltat\u00e1sok a kemping ter\u00fclet\u00e9n<\/li>\n\n\n\n<li><strong>Rugalmass\u00e1g az \u00e1rk\u00e9pz\u00e9sben<\/strong>: Az \u00e1rakat szezon\u00e1lisan vagy k\u00fcl\u00f6nleges esem\u00e9nyek (pl. fesztiv\u00e1lok, helyi \u00fcnnepek) idej\u00e9n lehet igaz\u00edtani, hogy maximaliz\u00e1lj\u00e1k a bev\u00e9telt. K\u00fcl\u00f6nf\u00e9le parcellat\u00edpusok (pl. alapszint\u0171, pr\u00e9mium) k\u00edn\u00e1lata lehet\u0151v\u00e9 teszi a k\u00fcl\u00f6nb\u00f6z\u0151 \u00e1rkateg\u00f3ri\u00e1k bevezet\u00e9s\u00e9t, ami sz\u00e9lesebb k\u00f6r\u0171 \u00fcgyf\u00e9lk\u00f6rt c\u00e9loz meg.<\/li>\n\n\n\n<li><strong>Hossz\u00fa t\u00e1v\u00fa \u00e9rt\u00e9kn\u00f6vel\u00e9s<\/strong>: Egy j\u00f3l m\u0171k\u00f6d\u0151 kemping \u00e9rt\u00e9ke id\u0151vel n\u00f6vekedhet, ami hossz\u00fa t\u00e1von jelent\u0151s befektet\u00e9si megt\u00e9r\u00fcl\u00e9st jelenthet. \u00d6sszess\u00e9g\u00e9ben a lak\u00f3aut\u00f3- \u00e9s lak\u00f3kocsi-parcell\u00e1k kiad\u00e1sa egy kempingben vonz\u00f3 \u00fczleti lehet\u0151s\u00e9g lehet a magas kereslet, alacsony fenntart\u00e1si k\u00f6lts\u00e9gek, \u00e9s a stabil j\u00f6vedelemforr\u00e1s miatt.<\/li>\n<\/ol>\n\n\n\n<h2 class=\"wp-block-heading\"><strong>A kempingfejleszt\u00e9s folyamata<\/strong><\/h2>\n\n\n\n<p>Fejleszteni szeretn\u00e9 saj\u00e1t kempingj\u00e9t? Vagy befektet\u00e9si sz\u00e1nd\u00e9kkal v\u00e1s\u00e1rolna r\u00e9gi kempinget, melyet \u00e1talak\u00edtana? A folyamat, melyen v\u00e9gig k\u00eds\u00e9rj\u00fck \u00d6nt, ugyanaz. A kempingfejleszt\u00e9s sikeres megval\u00f3s\u00edt\u00e1s\u00e1hoz elengedhetetlen, hogy l\u00e9p\u00e9sr\u0151l l\u00e9p\u00e9sre gondosan megtervezz\u00fck \u00e9s kivitelezz\u00fck a projektet. \u00cdme egy r\u00e9szletes \u00fatmutat\u00f3 a kempingfejleszt\u00e9s folyamat\u00e1r\u00f3l:<\/p>\n\n\n\n<p><strong>1. l\u00e9p\u00e9s: Kemping helysz\u00edn felm\u00e9r\u00e9se, adotts\u00e1gok \u00e9rt\u00e9kel\u00e9se: <\/strong>az els\u0151 \u00e9s legfontosabb l\u00e9p\u00e9s a helysz\u00edni felm\u00e9r\u00e9s. Ennek sor\u00e1n szak\u00e9rt\u0151ink alaposan megvizsg\u00e1lj\u00e1k a kemping ter\u00fclet\u00e9t, figyelembe v\u00e9ve a topogr\u00e1fiai adotts\u00e1gokat, a megl\u00e9v\u0151 infrastrukt\u00far\u00e1t, valamint a k\u00f6rnyezeti t\u00e9nyez\u0151ket. Az \u00e9rt\u00e9kel\u00e9s alapj\u00e1n meg\u00e1llap\u00edthat\u00f3, hogy a ter\u00fclet milyen fejleszt\u00e9si lehet\u0151s\u00e9geket k\u00edn\u00e1l, \u00e9s hogyan lehet azt a leghat\u00e9konyabban kihaszn\u00e1lni, felm\u00e9rj\u00fck a telek megk\u00f6zel\u00edthet\u0151s\u00e9g\u00e9t, az esetleges akad\u00e1lyoz\u00f3 t\u00e9nyez\u0151ket, melyek a telep\u00edt\u00e9st nehez\u00edthetik.<\/p>\n\n\n\n<p><strong>2. l\u00e9p\u00e9s: \u00dczleti terv k\u00e9sz\u00edt\u00e9se: <\/strong>helysz\u00edni adotts\u00e1gok \u00e9rt\u00e9kel\u00e9se ut\u00e1n elk\u00e9sz\u00edtj\u00fck a kemping fejleszt\u00e9s\u00e9nek \u00fczleti terv\u00e9t, amely tartalmazza a tervezett \u00e9p\u00edtm\u00e9nyek \u00e9s szolg\u00e1ltat\u00e1sok elrendez\u00e9s\u00e9t, valamint azok funkcion\u00e1lis kapcsolatait. Ezzel p\u00e1rhuzamosan indikat\u00edv \u00e1raj\u00e1nlatot is k\u00e9sz\u00edt\u00fcnk, amely el\u0151zetes k\u00f6lts\u00e9gbecsl\u00e9st ny\u00fajt a projekt megval\u00f3s\u00edt\u00e1s\u00e1hoz sz\u00fcks\u00e9ges anyagi forr\u00e1sokr\u00f3l.<\/p>\n\n\n\n<p><strong>3. l\u00e9p\u00e9s: R\u00e9szletes kiviteli terv k\u00e9sz\u00edt\u00e9se: <\/strong>az \u00fczleti terv elfogad\u00e1sa ut\u00e1n v\u00e1zlatterv alapj\u00e1n r\u00e9szletes egyedi kiviteli tervet k\u00e9sz\u00edt\u00fcnk. Ez mag\u00e1ban foglalja a konkr\u00e9t m\u0171szaki terveket, a sz\u00fcks\u00e9ges anyagok \u00e9s eszk\u00f6z\u00f6k list\u00e1j\u00e1t, valamint a kivitelez\u00e9s pontos \u00fctemterv\u00e9t. Ezzel a l\u00e9p\u00e9ssel biztos\u00edtjuk, hogy minden r\u00e9szlet prec\u00edzen kidolgozott \u00e9s k\u00e9szen \u00e1ll a megval\u00f3s\u00edt\u00e1sra.<\/p>\n\n\n\n<p><strong>4. l\u00e9p\u00e9s: Szerz\u0151d\u00e9sk\u00f6t\u00e9s, modu\u00e1ris \u00e9p\u00edtm\u00e9nyek gy\u00e1rt\u00e1s\u00e1nak megkezd\u00e9se: <\/strong>a r\u00e9szletes aj\u00e1nlat elfogad\u00e1sa ut\u00e1n sor ker\u00fcl a szerz\u0151d\u00e9sk\u00f6t\u00e9sre, amely r\u00f6gz\u00edti a projekt \u00f6sszes felt\u00e9tel\u00e9t \u00e9s hat\u00e1ridej\u00e9t. Ezt k\u00f6vet\u0151en megkezdj\u00fck a szerkezetek, p\u00e9ld\u00e1ul a kont\u00e9ner kempingh\u00e1zak, medenc\u00e9k \u00e9s szaun\u00e1k gy\u00e1rt\u00e1s\u00e1t. A gy\u00e1rt\u00e1si folyamatot szigor\u00fa min\u0151s\u00e9gellen\u0151rz\u00e9s k\u00eds\u00e9ri, hogy minden elem megfeleljen az el\u0151\u00edr\u00e1soknak.<\/p>\n\n\n\n<p><strong>5. l\u00e9p\u00e9s: Helysz\u00edni munk\u00e1latok megkezd\u00e9se: <\/strong>az \u00e9p\u00edtm\u00e9nygy\u00e1rt\u00e1s elind\u00edt\u00e1sa ut\u00e1n megkezdj\u00fck a helysz\u00edni munk\u00e1latokat, amelyek sor\u00e1n kialak\u00edtjuk a helysz\u00edn funkci\u00f3it k\u00fcls\u0151 tereit, ki\u00e9p\u00edtj\u00fck a vezet\u00e9keket, elv\u00e9gezz\u00fck a tereprendez\u00e9si munk\u00e1latokat, be\u00e9p\u00edtj\u00fck a sz\u00fcks\u00e9ges berendez\u00e9seket \u00e9s felszerel\u00e9seket.<\/p>\n\n\n\n<p><strong>6. l\u00e9p\u00e9s: Sz\u00e1ll\u00edt\u00e1s \u00e9s telep\u00edt\u00e9s:<\/strong> az elk\u00e9sz\u00fclt \u00e9p\u00edtm\u00e9nyeket a helysz\u00ednre sz\u00e1ll\u00edtjuk \u00e9s megkezdj\u00fck azok telep\u00edt\u00e9s\u00e9t. A telep\u00edt\u00e9s sor\u00e1n szak\u00e9rt\u0151 csapatunk gondoskodik arr\u00f3l, hogy minden egys\u00e9g a terveknek megfelel\u0151en ker\u00fclj\u00f6n a hely\u00e9re, \u00e9s a sz\u00fcks\u00e9ges \u00f6sszek\u00f6ttet\u00e9sek kialak\u00edt\u00e1sa is megt\u00f6rt\u00e9njen. Ezzel a l\u00e9p\u00e9ssel a kemping k\u00e9szen \u00e1ll arra, hogy \u00fajra megnyissa kapuit a l\u00e1togat\u00f3k el\u0151tt, modern \u00e9s k\u00e9nyelmes k\u00f6rnyezetben.<\/p>\n\n\n\n<p><strong>Szimpatikus \u00d6nnek a kont\u00e9ner kemping projekt?<\/strong><\/p>\n\n\n\n<p>A kempingek fel\u00faj\u00edt\u00e1sa nem csup\u00e1n a m\u00falt \u00f6r\u00f6ks\u00e9g\u00e9nek meg\u0151rz\u00e9s\u00e9t jelenti, hanem a j\u00f6v\u0151be val\u00f3 befektet\u00e9st is. A kont\u00e9ner alap\u00fa megold\u00e1sokkal k\u00f6nnyed\u00e9n \u00e9s hat\u00e9konyan \u00faj\u00edthat\u00f3k fel a r\u00e9gi kempingek, amelyek \u00edgy \u00fajra a turizmus \u00e9lvonal\u00e1ba ker\u00fclhetnek. Az \u00faj befektet\u0151k sz\u00e1m\u00e1ra ezek a projektek kiv\u00e1l\u00f3 lehet\u0151s\u00e9get jelentenek arra, hogy a modern ig\u00e9nyeknek megfelel\u0151, fenntarthat\u00f3 \u00e9s nyeres\u00e9ges v\u00e1llalkoz\u00e1sokat hozzanak l\u00e9tre.<\/p>\n\n\n\n<p>Vegye fel vel\u00fcnk a kapcsolatot el\u00e9rhet\u0151s\u00e9geink egyik\u00e9n.<a href=\"mailto:info@pro-con.hu\"><\/a><\/p>\n\n\n\n<h5 class=\"wp-block-heading\"><a href=\"mailto:info@pro-con.hu\">info@pro-con.hu<\/a><a href=\"tel:+36308664886\"><\/a><\/h5>\n\n\n\n<h5 class=\"wp-block-heading\"><a href=\"tel:+36308664886\">+36 30 866 4886<\/a><\/h5>\n\n\n\n<h5 class=\"wp-block-heading\">2600 V\u00e1c, G\u00f6d\u00f6ll\u0151i \u00fat 15.<\/h5>\n\n\n\n<p>www. pro-con.hu<\/p>\n\n\n\n<p>Referencia projekt: <a href=\"http:\/\/www.almaskemp.hu\" target=\"_blank\" rel=\"noopener\">www.almasglamp.hu<\/a><\/p>","protected":false},"excerpt":{"rendered":"<p>Retro kemping kult\u00fara \u00fajj\u00e1\u00e9led\u00e9se Kemping fel\u00faj\u00edt\u00e1s, kemping fejleszt\u00e9s, avagy r\u00e9gi kempingek \u00fajj\u00e1\u00e9led\u00e9se egy b\u00e1jos trend, mely a befektet\u0151k \u00e9s a turist\u00e1k sz\u00e1m\u00e1ra egyar\u00e1nt kedves. A &#8217;70-es \u00e9vekben Magyarorsz\u00e1gon is sz\u00e1mos kemping l\u00e9tes\u00fclt, ahol a csal\u00e1dok kipihenhett\u00e9k az \u00e9v f\u00e1radalmait. M\u00edg egyes csal\u00e1dok a Trabi vagy Moszkvics tetej\u00e9re r\u00f6gz\u00edtett s\u00e1torral v\u00e1gtak neki a ny\u00e1rnak, addig m\u00e1sok [&hellip;]<\/p>\n","protected":false},"author":5,"featured_media":3293,"comment_status":"closed","ping_status":"closed","sticky":false,"template":"","format":"standard","meta":{"_acf_changed":false,"footnotes":""},"categories":[38],"tags":[37,36,35],"class_list":["post-3292","post","type-post","status-publish","format-standard","has-post-thumbnail","hentry","category-kontener-kemping","tag-kontener-fejlesztes","tag-kontener-felujitas","tag-kontener-kemping"],"acf":[],"_links":{"self":[{"href":"https:\/\/pro-con.hu\/sr\/wp-json\/wp\/v2\/posts\/3292","targetHints":{"allow":["GET"]}}],"collection":[{"href":"https:\/\/pro-con.hu\/sr\/wp-json\/wp\/v2\/posts"}],"about":[{"href":"https:\/\/pro-con.hu\/sr\/wp-json\/wp\/v2\/types\/post"}],"author":[{"embeddable":true,"href":"https:\/\/pro-con.hu\/sr\/wp-json\/wp\/v2\/users\/5"}],"replies":[{"embeddable":true,"href":"https:\/\/pro-con.hu\/sr\/wp-json\/wp\/v2\/comments?post=3292"}],"version-history":[{"count":2,"href":"https:\/\/pro-con.hu\/sr\/wp-json\/wp\/v2\/posts\/3292\/revisions"}],"predecessor-version":[{"id":3301,"href":"https:\/\/pro-con.hu\/sr\/wp-json\/wp\/v2\/posts\/3292\/revisions\/3301"}],"wp:featuredmedia":[{"embeddable":true,"href":"https:\/\/pro-con.hu\/sr\/wp-json\/wp\/v2\/media\/3293"}],"wp:attachment":[{"href":"https:\/\/pro-con.hu\/sr\/wp-json\/wp\/v2\/media?parent=3292"}],"wp:term":[{"taxonomy":"category","embeddable":true,"href":"https:\/\/pro-con.hu\/sr\/wp-json\/wp\/v2\/categories?post=3292"},{"taxonomy":"post_tag","embeddable":true,"href":"https:\/\/pro-con.hu\/sr\/wp-json\/wp\/v2\/tags?post=3292"}],"curies":[{"name":"wp","href":"https:\/\/api.w.org\/{rel}","templated":true}]}}