{"id":3507,"date":"2026-04-01T18:13:54","date_gmt":"2026-04-01T16:13:54","guid":{"rendered":"https:\/\/pro-con.hu\/?p=3507"},"modified":"2026-04-01T18:15:08","modified_gmt":"2026-04-01T16:15:08","slug":"kontenerhaz-alaprajz-vs-kontenerhaz-latvanyterv","status":"publish","type":"post","link":"https:\/\/pro-con.hu\/it\/kontenerhaz-alaprajz-vs-kontenerhaz-latvanyterv\/","title":{"rendered":"Kont\u00e9nerh\u00e1z alaprajz \u00e9s kont\u00e9nerh\u00e1z l\u00e1tv\u00e1nyterv \u2013 l\u00e1tv\u00e1ny vs val\u00f3s\u00e1g"},"content":{"rendered":"<p>A kont\u00e9nerh\u00e1zak az ut\u00f3bbi \u00e9vekben rendk\u00edv\u00fcl n\u00e9pszer\u0171v\u00e9 v\u00e1ltak. Sok helyen tal\u00e1lkozhatunk modern, letisztult kont\u00e9nerh\u00e1z l\u00e1tv\u00e1nytervekkel, amelyek alapj\u00e1n a kont\u00e9nerh\u00e1z \u00e9p\u00edt\u00e9s egyszer\u0171nek \u00e9s gyorsnak t\u0171nik. A val\u00f3s\u00e1g azonban enn\u00e9l j\u00f3val \u00f6sszetettebb. Egy j\u00f3l elk\u00e9sz\u00edtett <strong>kont\u00e9nerh\u00e1z alaprajz<\/strong> e <strong>kont\u00e9nerh\u00e1z l\u00e1tv\u00e1nyterv<\/strong> m\u00f6g\u00f6tt komoly tervez\u00e9si munka \u00e1ll.<\/p>\n\n\n\n<p>Ebben a cikkben bemutatjuk, mi a k\u00fcl\u00f6nbs\u00e9g a l\u00e1tv\u00e1nyterv \u00e9s a val\u00f3s megval\u00f3s\u00edt\u00e1s k\u00f6z\u00f6tt, milyen kih\u00edv\u00e1sok mer\u00fclhetnek fel a kivitelez\u00e9s sor\u00e1n, \u00e9s mi\u00e9rt rendk\u00edv\u00fcl fontos az alapos tervez\u00e9s.<\/p>\n\n\n\n<h2 class=\"wp-block-heading\">Mi az a kont\u00e9nerh\u00e1z l\u00e1tv\u00e1nyterv?<\/h2>\n\n\n\n<p>A <strong>kont\u00e9nerh\u00e1z l\u00e1tv\u00e1nyterv<\/strong> egy 3D modell vagy fot\u00f3realisztikus k\u00e9p, amely megmutatja, hogyan fog kin\u00e9zni az \u00e9p\u00fclet a megval\u00f3s\u00edt\u00e1s ut\u00e1n. A l\u00e1tv\u00e1nytervek c\u00e9lja, hogy az \u00fcgyf\u00e9l el tudja k\u00e9pzelni a k\u00e9sz \u00e9p\u00fcletet, a homlokzatot, a bels\u0151 tereket \u00e9s az elrendez\u00e9st.<\/p>\n\n\n\n<p>A l\u00e1tv\u00e1nyterv seg\u00edt:<\/p>\n\n\n\n<ul class=\"wp-block-list\">\n<li>elk\u00e9pzelni a kont\u00e9nerek elrendez\u00e9s\u00e9t<\/li>\n\n\n\n<li>megtervezni a k\u00fcls\u0151 megjelen\u00e9st<\/li>\n\n\n\n<li>kialak\u00edtani a bels\u0151 tereket<\/li>\n\n\n\n<li>meghat\u00e1rozni az ablakok \u00e9s ajt\u00f3k hely\u00e9t<\/li>\n\n\n\n<li>kiv\u00e1lasztani az anyagokat \u00e9s sz\u00edneket<\/li>\n\n\n\n<li>bemutatni a projektet befektet\u0151knek vagy megrendel\u0151knek<\/li>\n<\/ul>\n\n\n\n<p>Fontos azonban, hogy a l\u00e1tv\u00e1nyterv <strong>nem m\u0171szaki terv<\/strong>, hanem vizu\u00e1lis terv.<\/p>\n\n\n\n<figure class=\"wp-block-image size-large\"><img fetchpriority=\"high\" decoding=\"async\" width=\"1024\" height=\"683\" src=\"https:\/\/pro-con.hu\/wp-content\/uploads\/2026\/04\/Kontenerhaz-latvanyterv-1024x683.webp\" alt=\"\" class=\"wp-image-3510\" srcset=\"https:\/\/pro-con.hu\/wp-content\/uploads\/2026\/04\/Kontenerhaz-latvanyterv-1024x683.webp 1024w, https:\/\/pro-con.hu\/wp-content\/uploads\/2026\/04\/Kontenerhaz-latvanyterv-300x200.webp 300w, https:\/\/pro-con.hu\/wp-content\/uploads\/2026\/04\/Kontenerhaz-latvanyterv-768x512.webp 768w, https:\/\/pro-con.hu\/wp-content\/uploads\/2026\/04\/Kontenerhaz-latvanyterv-18x12.webp 18w, https:\/\/pro-con.hu\/wp-content\/uploads\/2026\/04\/Kontenerhaz-latvanyterv-600x400.webp 600w, https:\/\/pro-con.hu\/wp-content\/uploads\/2026\/04\/Kontenerhaz-latvanyterv.webp 1080w\" sizes=\"(max-width: 1024px) 100vw, 1024px\" \/><\/figure>\n\n\n\n<h2 class=\"wp-block-heading\">Mi az a kont\u00e9nerh\u00e1z alaprajz?<\/h2>\n\n\n\n<p>A <strong>kont\u00e9nerh\u00e1z alaprajz<\/strong> az egyik legfontosabb r\u00e9sze a tervez\u00e9snek. Az alaprajz mutatja meg:<\/p>\n\n\n\n<ul class=\"wp-block-list\">\n<li>a helyis\u00e9gek elrendez\u00e9s\u00e9t<\/li>\n\n\n\n<li>a falakat<\/li>\n\n\n\n<li>a ny\u00edl\u00e1sz\u00e1r\u00f3kat<\/li>\n\n\n\n<li>a k\u00f6zleked\u0151ket<\/li>\n\n\n\n<li>a l\u00e9pcs\u0151ket<\/li>\n\n\n\n<li>a vizesblokkok hely\u00e9t<\/li>\n\n\n\n<li>a konyha elhelyez\u00e9s\u00e9t<\/li>\n\n\n\n<li>a b\u00fatoroz\u00e1s lehet\u0151s\u00e9geit<\/li>\n<\/ul>\n\n\n\n<p>Egy j\u00f3l megtervezett kont\u00e9nerh\u00e1z alaprajz hat\u00e1rozza meg, hogy az \u00e9p\u00fclet mennyire lesz:<\/p>\n\n\n\n<ul class=\"wp-block-list\">\n<li>k\u00e9nyelmes<\/li>\n\n\n\n<li>gazdas\u00e1gos<\/li>\n\n\n\n<li>j\u00f3l haszn\u00e1lhat\u00f3<\/li>\n\n\n\n<li>k\u00f6nnyen kivitelezhet\u0151<\/li>\n\n\n\n<li>energiahat\u00e9kony<\/li>\n<\/ul>\n\n\n\n<p>Sok esetben a l\u00e1tv\u00e1nyterv nagyon j\u00f3l n\u00e9z ki, de az alaprajz nem praktikus. Ez az egyik leggyakoribb hiba kont\u00e9nerh\u00e1z tervez\u00e9sn\u00e9l.<\/p>\n\n\n\n<figure class=\"wp-block-image size-large\"><img decoding=\"async\" width=\"1024\" height=\"683\" src=\"https:\/\/pro-con.hu\/wp-content\/uploads\/2026\/04\/Kontenerhaz-latvanyterv-1024x683.webp\" alt=\"Kont\u00e9nerh\u00e1z l\u00e1tv\u00e1nyterv\" class=\"wp-image-3510\" srcset=\"https:\/\/pro-con.hu\/wp-content\/uploads\/2026\/04\/Kontenerhaz-latvanyterv-1024x683.webp 1024w, https:\/\/pro-con.hu\/wp-content\/uploads\/2026\/04\/Kontenerhaz-latvanyterv-300x200.webp 300w, https:\/\/pro-con.hu\/wp-content\/uploads\/2026\/04\/Kontenerhaz-latvanyterv-768x512.webp 768w, https:\/\/pro-con.hu\/wp-content\/uploads\/2026\/04\/Kontenerhaz-latvanyterv-18x12.webp 18w, https:\/\/pro-con.hu\/wp-content\/uploads\/2026\/04\/Kontenerhaz-latvanyterv-600x400.webp 600w, https:\/\/pro-con.hu\/wp-content\/uploads\/2026\/04\/Kontenerhaz-latvanyterv.webp 1080w\" sizes=\"(max-width: 1024px) 100vw, 1024px\" \/><\/figure>\n\n\n\n<h2 class=\"wp-block-heading\">Kont\u00e9nerh\u00e1z l\u00e1tv\u00e1nyterv vs val\u00f3s\u00e1g<\/h2>\n\n\n\n<p>Az interneten rengeteg l\u00e1tv\u00e1nyos kont\u00e9nerh\u00e1z k\u00e9pet lehet tal\u00e1lni. Modern, nagy \u00fcvegfel\u00fcletek, lebeg\u0151 teraszok, hatalmas egybenyitott terek \u2013 ezek nagyon j\u00f3l mutatnak a l\u00e1tv\u00e1nyterveken. A val\u00f3s\u00e1gban azonban sz\u00e1mos m\u0171szaki \u00e9s kivitelez\u00e9si probl\u00e9m\u00e1val kell sz\u00e1molni.<\/p>\n\n\n\n<h3 class=\"wp-block-heading\">Gyakori k\u00fcl\u00f6nbs\u00e9gek a l\u00e1tv\u00e1nyterv \u00e9s a val\u00f3s\u00e1g k\u00f6z\u00f6tt<\/h3>\n\n\n\n<h4 class=\"wp-block-heading\">1. Statikai probl\u00e9m\u00e1k<\/h4>\n\n\n\n<p>Ha t\u00f6bb kont\u00e9nert kiv\u00e1gnak \u00e9s egybenyitnak, a kont\u00e9ner elvesz\u00edtheti a merevs\u00e9g\u00e9t, ez\u00e9rt ac\u00e9l meger\u0151s\u00edt\u00e9sre van sz\u00fcks\u00e9g. Ez jelent\u0151sen n\u00f6velheti a k\u00f6lts\u00e9geket.<\/p>\n\n\n\n<h4 class=\"wp-block-heading\">2. H\u0151szigetel\u00e9s<\/h4>\n\n\n\n<p>A kont\u00e9ner ac\u00e9l szerkezet, ez\u00e9rt nagyon fontos a megfelel\u0151 h\u0151szigetel\u00e9s \u00e9s p\u00e1raz\u00e1r\u00e1s. A l\u00e1tv\u00e1nyterveken ez nem l\u00e1tszik, de a val\u00f3s\u00e1gban ez az egyik legfontosabb k\u00e9rd\u00e9s.<\/p>\n\n\n\n<h4 class=\"wp-block-heading\">3. G\u00e9p\u00e9szet<\/h4>\n\n\n\n<p>F\u0171t\u00e9s, h\u0171t\u00e9s, szell\u0151z\u00e9s, v\u00edz, csatorna, elektromos rendszer \u2013 ezek helyig\u00e9nyesek, \u00e9s befoly\u00e1solj\u00e1k a kont\u00e9nerh\u00e1z alaprajz kialak\u00edt\u00e1s\u00e1t.<\/p>\n\n\n\n<h4 class=\"wp-block-heading\">4. Sz\u00e1ll\u00edt\u00e1s \u00e9s daruz\u00e1s<\/h4>\n\n\n\n<p>Nem minden kont\u00e9ner elhelyez\u00e9s val\u00f3s\u00edthat\u00f3 meg egyszer\u0171en. A daruz\u00e1s, sz\u00e1ll\u00edt\u00e1s \u00e9s alapoz\u00e1s komoly tervez\u00e9st ig\u00e9nyel.<\/p>\n\n\n\n<h4 class=\"wp-block-heading\">5. K\u00f6lts\u00e9gek<\/h4>\n\n\n\n<p>A l\u00e1tv\u00e1nyterv sokszor egy egyszer\u0171 kont\u00e9nerh\u00e1zat mutat, de a val\u00f3s\u00e1gban a kiv\u00e1g\u00e1sok, meger\u0151s\u00edt\u00e9sek, szigetel\u00e9s, burkolatok \u00e9s g\u00e9p\u00e9szet miatt az \u00e1r jelent\u0151sen n\u0151het.<\/p>\n\n\n\n<p>Ez\u00e9rt nagyon fontos, hogy a kont\u00e9nerh\u00e1z l\u00e1tv\u00e1nyterv mellett mindig k\u00e9sz\u00fclj\u00f6n <strong>r\u00e9szletes kont\u00e9nerh\u00e1z alaprajz \u00e9s m\u0171szaki terv is<\/strong>.<\/p>\n\n\n\n<figure class=\"wp-block-image size-large\"><img decoding=\"async\" width=\"1024\" height=\"683\" src=\"https:\/\/pro-con.hu\/wp-content\/uploads\/2026\/04\/Kontenerhaz-alaprajz-es-kontenerhaz-latvanyterv-\u2013-latvany-vs-valosag-1-1024x683.webp\" alt=\"Kont\u00e9nerh\u00e1z alaprajz \u00e9s kont\u00e9nerh\u00e1z l\u00e1tv\u00e1nyterv \u2013 l\u00e1tv\u00e1ny vs val\u00f3s\u00e1g\" class=\"wp-image-3508\" srcset=\"https:\/\/pro-con.hu\/wp-content\/uploads\/2026\/04\/Kontenerhaz-alaprajz-es-kontenerhaz-latvanyterv-\u2013-latvany-vs-valosag-1-1024x683.webp 1024w, https:\/\/pro-con.hu\/wp-content\/uploads\/2026\/04\/Kontenerhaz-alaprajz-es-kontenerhaz-latvanyterv-\u2013-latvany-vs-valosag-1-300x200.webp 300w, https:\/\/pro-con.hu\/wp-content\/uploads\/2026\/04\/Kontenerhaz-alaprajz-es-kontenerhaz-latvanyterv-\u2013-latvany-vs-valosag-1-768x512.webp 768w, https:\/\/pro-con.hu\/wp-content\/uploads\/2026\/04\/Kontenerhaz-alaprajz-es-kontenerhaz-latvanyterv-\u2013-latvany-vs-valosag-1-18x12.webp 18w, https:\/\/pro-con.hu\/wp-content\/uploads\/2026\/04\/Kontenerhaz-alaprajz-es-kontenerhaz-latvanyterv-\u2013-latvany-vs-valosag-1-600x400.webp 600w, https:\/\/pro-con.hu\/wp-content\/uploads\/2026\/04\/Kontenerhaz-alaprajz-es-kontenerhaz-latvanyterv-\u2013-latvany-vs-valosag-1.webp 1080w\" sizes=\"(max-width: 1024px) 100vw, 1024px\" \/><\/figure>\n\n\n\n<h2 class=\"wp-block-heading\">Mi\u00e9rt fontos az alapos tervez\u00e9s?<\/h2>\n\n\n\n<p>Egy kont\u00e9nerh\u00e1z projekt sikere nagyr\u00e9szt a tervez\u00e9sen m\u00falik. A kivitelez\u00e9s m\u00e1r csak a terv megval\u00f3s\u00edt\u00e1sa. Ha a terv rossz, a v\u00e9geredm\u00e9ny is rossz lesz.<\/p>\n\n\n\n<p>Az alapos tervez\u00e9s sor\u00e1n meg kell hat\u00e1rozni:<\/p>\n\n\n\n<ul class=\"wp-block-list\">\n<li>a kont\u00e9nerek m\u00e9ret\u00e9t \u00e9s sz\u00e1m\u00e1t<\/li>\n\n\n\n<li>az elrendez\u00e9st<\/li>\n\n\n\n<li>a kont\u00e9nerh\u00e1z alaprajzot<\/li>\n\n\n\n<li>a szerkezeti m\u00f3dos\u00edt\u00e1sokat<\/li>\n\n\n\n<li>a h\u0151szigetel\u00e9st<\/li>\n\n\n\n<li>a g\u00e9p\u00e9szetet<\/li>\n\n\n\n<li>az elektromos rendszert<\/li>\n\n\n\n<li>a burkolatokat<\/li>\n\n\n\n<li>a k\u00f6lts\u00e9gkeretet<\/li>\n\n\n\n<li>a kivitelez\u00e9s menet\u00e9t<\/li>\n<\/ul>\n\n\n\n<p>Ha ezek nincsenek el\u0151re megtervezve, a kivitelez\u00e9s sor\u00e1n rengeteg probl\u00e9ma \u00e9s plusz k\u00f6lts\u00e9g mer\u00fclhet fel.<\/p>\n\n\n\n<h2 class=\"wp-block-heading\">Kont\u00e9nerh\u00e1z tervez\u00e9s folyamata<\/h2>\n\n\n\n<p>Egy kont\u00e9nerh\u00e1z tervez\u00e9s \u00e1ltal\u00e1ban a k\u00f6vetkez\u0151 l\u00e9p\u00e9sekb\u0151l \u00e1ll:<\/p>\n\n\n\n<h3 class=\"wp-block-heading\">1. Ig\u00e9nyfelm\u00e9r\u00e9s<\/h3>\n\n\n\n<p>Mekkora \u00e9p\u00fcletre van sz\u00fcks\u00e9g?<br>H\u00e1ny szoba?<br>Lak\u00f3h\u00e1z, iroda vagy \u00fczlet lesz?<\/p>\n\n\n\n<h3 class=\"wp-block-heading\">2. Kont\u00e9nerek elrendez\u00e9se<\/h3>\n\n\n\n<p>Meg kell hat\u00e1rozni, h\u00e1ny kont\u00e9ner sz\u00fcks\u00e9ges \u00e9s hogyan ker\u00fclnek elhelyez\u00e9sre.<\/p>\n\n\n\n<h3 class=\"wp-block-heading\">3. Kont\u00e9nerh\u00e1z alaprajz k\u00e9sz\u00edt\u00e9se<\/h3>\n\n\n\n<p>Ez az egyik legfontosabb l\u00e9p\u00e9s. Itt d\u0151l el a helyis\u00e9gek elrendez\u00e9se \u00e9s az \u00e9p\u00fclet haszn\u00e1lhat\u00f3s\u00e1ga.<\/p>\n\n\n\n<h3 class=\"wp-block-heading\">4. Kont\u00e9nerh\u00e1z l\u00e1tv\u00e1nyterv k\u00e9sz\u00edt\u00e9se<\/h3>\n\n\n\n<p>A l\u00e1tv\u00e1nyterv seg\u00edt elk\u00e9pzelni a v\u00e9gleges megjelen\u00e9st.<\/p>\n\n\n\n<h3 class=\"wp-block-heading\">5. M\u0171szaki tervez\u00e9s<\/h3>\n\n\n\n<p>Szerkezet, szigetel\u00e9s, g\u00e9p\u00e9szet, elektromos rendszer.<\/p>\n\n\n\n<h3 class=\"wp-block-heading\">6. K\u00f6lts\u00e9gbecsl\u00e9s<\/h3>\n\n\n\n<p>Nagyon fontos, hogy m\u00e1r tervez\u00e9si f\u00e1zisban l\u00e1tsz\u00f3djon a v\u00e1rhat\u00f3 k\u00f6lts\u00e9g.<\/p>\n\n\n\n<h3 class=\"wp-block-heading\">7. Kiviteli tervek<\/h3>\n\n\n\n<p>A kivitelez\u00e9shez r\u00e9szletes m\u0171szaki rajzokra van sz\u00fcks\u00e9g.<\/p>\n\n\n\n<h2 class=\"wp-block-heading\">Gyakori hib\u00e1k kont\u00e9nerh\u00e1z tervez\u00e9sn\u00e9l<\/h2>\n\n\n\n<p>Sok kont\u00e9nerh\u00e1z projekt az\u00e9rt lesz dr\u00e1g\u00e1bb vagy rosszabb, mert a tervez\u00e9s nem volt megfelel\u0151. Gyakori hib\u00e1k:<\/p>\n\n\n\n<ul class=\"wp-block-list\">\n<li>csak l\u00e1tv\u00e1nyterv k\u00e9sz\u00fcl, m\u0171szaki terv nem<\/li>\n\n\n\n<li>rossz kont\u00e9ner elrendez\u00e9s<\/li>\n\n\n\n<li>nem praktikus kont\u00e9nerh\u00e1z alaprajz<\/li>\n\n\n\n<li>t\u00fal nagy kiv\u00e1g\u00e1sok a kont\u00e9nereken<\/li>\n\n\n\n<li>nincs megfelel\u0151 h\u0151szigetel\u00e9s<\/li>\n\n\n\n<li>nincs \u00e1tgondolt g\u00e9p\u00e9szet<\/li>\n\n\n\n<li>nincs k\u00f6lts\u00e9gterv<\/li>\n\n\n\n<li>kivitelez\u00e9s k\u00f6zben m\u00f3dos\u00edtj\u00e1k a terveket<\/li>\n<\/ul>\n\n\n\n<p>Ezek mind jelent\u0151s t\u00f6bbletk\u00f6lts\u00e9get \u00e9s cs\u00fasz\u00e1st okozhatnak.<\/p>\n\n\n\n<h2 class=\"wp-block-heading\">Mi\u00e9rt \u00e9rdemes szak\u00e9rt\u0151vel megterveztetni a kont\u00e9nerh\u00e1zat?<\/h2>\n\n\n\n<p>Sokan el\u0151sz\u00f6r csak egy kont\u00e9nerh\u00e1z l\u00e1tv\u00e1nytervet szeretn\u00e9nek, de val\u00f3j\u00e1ban a legfontosabb a <strong>j\u00f3 kont\u00e9nerh\u00e1z alaprajz \u00e9s a m\u0171szaki tartalom<\/strong>.<\/p>\n\n\n\n<p>Egy szak\u00e9rt\u0151 seg\u00edt:<\/p>\n\n\n\n<ul class=\"wp-block-list\">\n<li>optimaliz\u00e1lni a kont\u00e9ner elrendez\u00e9st<\/li>\n\n\n\n<li>praktikus alaprajzot k\u00e9sz\u00edteni<\/li>\n\n\n\n<li>megtervezni a szerkezeti m\u00f3dos\u00edt\u00e1sokat<\/li>\n\n\n\n<li>megtervezni a h\u0151szigetel\u00e9st<\/li>\n\n\n\n<li>megtervezni a g\u00e9p\u00e9szetet<\/li>\n\n\n\n<li>k\u00f6lts\u00e9get optimaliz\u00e1lni<\/li>\n\n\n\n<li>kivitelezhet\u0151 tervet k\u00e9sz\u00edteni<\/li>\n\n\n\n<li>l\u00e1tv\u00e1nytervet k\u00e9sz\u00edteni<\/li>\n\n\n\n<li>AutoCAD terveket k\u00e9sz\u00edteni<\/li>\n<\/ul>\n\n\n\n<p>\u00cdgy a v\u00e9geredm\u00e9ny nem csak j\u00f3l fog kin\u00e9zni, hanem val\u00f3ban meg is val\u00f3s\u00edthat\u00f3 lesz.<\/p>\n\n\n\n<p>A megfelel\u0151 tervez\u00e9ssel elker\u00fclhet\u0151ek a kivitelez\u00e9s k\u00f6zben felmer\u00fcl\u0151 probl\u00e9m\u00e1k, a felesleges k\u00f6lts\u00e9gek \u00e9s a rossz alaprajzi kialak\u00edt\u00e1s. Egy \u00e1tgondolt terv hossz\u00fa t\u00e1von sokkal gazdas\u00e1gosabb \u00e9s jobb v\u00e9geredm\u00e9nyt ad.<\/p>\n\n\n\n<p>Ha kont\u00e9nerh\u00e1z projektet tervez, \u00e9s szeretne <strong>praktikus alaprajzot, l\u00e1tv\u00e1nytervet \u00e9s kivitelezhet\u0151 m\u0171szaki terveket<\/strong>, akkor itt tal\u00e1l r\u00e9szletes inform\u00e1ci\u00f3kat a kont\u00e9nerh\u00e1z tervez\u00e9sr\u0151l: <br><a href=\"https:\/\/pro-con.hu\/it\/kontenerhaz-tervezo\/\">R\u00e9szletes inform\u00e1ci\u00f3k<\/a><\/p>\n\n\n\n<h2 class=\"wp-block-heading\">\u00d6sszefoglal\u00e1s<\/h2>\n\n\n\n<p>A <strong>kont\u00e9nerh\u00e1z l\u00e1tv\u00e1nyterv<\/strong> nagyon fontos, mert seg\u00edt elk\u00e9pzelni a k\u00e9sz \u00e9p\u00fcletet, de \u00f6nmag\u00e1ban nem elegend\u0151. A sikeres kont\u00e9ner projekt alapja mindig a j\u00f3l megtervezett <strong>kont\u00e9nerh\u00e1z alaprajz<\/strong>, a m\u0171szaki tartalom \u00e9s az alapos tervez\u00e9si folyamat.<\/p>\n\n\n\n<p>A l\u00e1tv\u00e1nyterv \u00e9s a val\u00f3s\u00e1g k\u00f6z\u00f6tt gyakran nagy k\u00fcl\u00f6nbs\u00e9g lehet, ez\u00e9rt a kont\u00e9nerh\u00e1z tervez\u00e9st mindig komplexen kell kezelni:<\/p>\n\n\n\n<ul class=\"wp-block-list\">\n<li>koncepci\u00f3<\/li>\n\n\n\n<li>alaprajz<\/li>\n\n\n\n<li>l\u00e1tv\u00e1nyterv<\/li>\n\n\n\n<li>m\u0171szaki terv<\/li>\n\n\n\n<li>k\u00f6lts\u00e9gterv<\/li>\n\n\n\n<li>kivitelez\u00e9si terv<\/li>\n<\/ul>\n\n\n\n<p>Ha ezek megfelel\u0151en elk\u00e9sz\u00fclnek, akkor a v\u00e9geredm\u00e9ny nemcsak l\u00e1tv\u00e1nyos lesz, hanem j\u00f3l m\u0171k\u00f6d\u0151, gazdas\u00e1gosan kivitelezhet\u0151 \u00e9p\u00fclet is.<\/p>\n\n\n\n<p><\/p>","protected":false},"excerpt":{"rendered":"<p>Egy j\u00f3l elk\u00e9sz\u00edtett kont\u00e9nerh\u00e1z alaprajz \u00e9s kont\u00e9nerh\u00e1z l\u00e1tv\u00e1nyterv m\u00f6g\u00f6tt komoly tervez\u00e9si munka \u00e1ll.<\/p>","protected":false},"author":1,"featured_media":3508,"comment_status":"closed","ping_status":"closed","sticky":false,"template":"","format":"standard","meta":{"_acf_changed":false,"footnotes":""},"categories":[1],"tags":[],"class_list":["post-3507","post","type-post","status-publish","format-standard","has-post-thumbnail","hentry","category-pro-con"],"acf":[],"_links":{"self":[{"href":"https:\/\/pro-con.hu\/it\/wp-json\/wp\/v2\/posts\/3507","targetHints":{"allow":["GET"]}}],"collection":[{"href":"https:\/\/pro-con.hu\/it\/wp-json\/wp\/v2\/posts"}],"about":[{"href":"https:\/\/pro-con.hu\/it\/wp-json\/wp\/v2\/types\/post"}],"author":[{"embeddable":true,"href":"https:\/\/pro-con.hu\/it\/wp-json\/wp\/v2\/users\/1"}],"replies":[{"embeddable":true,"href":"https:\/\/pro-con.hu\/it\/wp-json\/wp\/v2\/comments?post=3507"}],"version-history":[{"count":3,"href":"https:\/\/pro-con.hu\/it\/wp-json\/wp\/v2\/posts\/3507\/revisions"}],"predecessor-version":[{"id":3513,"href":"https:\/\/pro-con.hu\/it\/wp-json\/wp\/v2\/posts\/3507\/revisions\/3513"}],"wp:featuredmedia":[{"embeddable":true,"href":"https:\/\/pro-con.hu\/it\/wp-json\/wp\/v2\/media\/3508"}],"wp:attachment":[{"href":"https:\/\/pro-con.hu\/it\/wp-json\/wp\/v2\/media?parent=3507"}],"wp:term":[{"taxonomy":"category","embeddable":true,"href":"https:\/\/pro-con.hu\/it\/wp-json\/wp\/v2\/categories?post=3507"},{"taxonomy":"post_tag","embeddable":true,"href":"https:\/\/pro-con.hu\/it\/wp-json\/wp\/v2\/tags?post=3507"}],"curies":[{"name":"wp","href":"https:\/\/api.w.org\/{rel}","templated":true}]}}