{"id":1,"date":"2024-03-19T06:06:35","date_gmt":"2024-03-19T06:06:35","guid":{"rendered":"https:\/\/pro-con.hu\/?p=1"},"modified":"2024-06-24T11:07:14","modified_gmt":"2024-06-24T09:07:14","slug":"kontener-szallashely-uzleti-terv-milyen-lepesekbol-all","status":"publish","type":"post","link":"https:\/\/pro-con.hu\/cs\/kontener-szallashely-uzleti-terv-milyen-lepesekbol-all\/","title":{"rendered":"Kontejnerov\u00e9 ubytov\u00e1n\u00ed: od n\u00e1padu k realizaci v 5 kroc\u00edch"},"content":{"rendered":"<h2 class=\"wp-block-heading\">\u00davod <\/h2>\n\n\n\n<p>St\u00e1le v\u00edce cestovatel\u016f hled\u00e1 inovativn\u00ed zp\u016fsoby cestov\u00e1n\u00ed, a proto je st\u00e1le obl\u00edben\u011bj\u0161\u00ed ubytov\u00e1n\u00ed v kontejnerech. Tyto jedine\u010dn\u00e9 a kreativn\u00ed mo\u017enosti ubytov\u00e1n\u00ed nab\u00edzej\u00ed mnoho v\u00fdhod a slibuj\u00ed fascinuj\u00edc\u00ed dobrodru\u017estv\u00ed pro ty, kte\u0159\u00ed se odv\u00e1\u017e\u00ed vyzkou\u0161et nov\u00e9 v\u011bci. To plat\u00ed i z investi\u010dn\u00edho hlediska: realizace nov\u00fdch, jedine\u010dn\u00fdch a inovativn\u00edch projekt\u016f je v\u017edy fascinuj\u00edc\u00edm dobrodru\u017estv\u00edm a ka\u017ed\u00fd krok na t\u00e9to cest\u011b je vzru\u0161uj\u00edc\u00ed - od vzniku n\u00e1padu, p\u0159es proces inspirace a\u017e po jeho realizaci a nakonec i provoz. Jak se ale m\u016f\u017ee n\u00e1pad st\u00e1t skute\u010dnost\u00ed? V tomto p\u0159\u00edsp\u011bvku na blogu v\u00e1s provedeme cestou realizace kontejnerov\u00e9ho ubytov\u00e1n\u00ed, poskytneme v\u00e1m inspiraci a pom\u016f\u017eeme v\u00e1m realizovat va\u0161e vysn\u011bn\u00e9 ubytov\u00e1n\u00ed, a to v\u0161e s n\u00e1vratnost\u00ed investic. <\/p>\n\n\n\n<h2 class=\"wp-block-heading\">Informace o ubytov\u00e1n\u00ed v kontejnerech<\/h2>\n\n\n\n<p>Kontejnerov\u00e9 ubytov\u00e1n\u00ed je kreativn\u00ed a jedine\u010dn\u00e1 alternativa ubytov\u00e1n\u00ed z p\u0159estav\u011bn\u00fdch p\u0159epravn\u00edch kontejner\u016f. Tyto kontejnery jsou k dispozici v \u0161irok\u00e9 \u0161k\u00e1le styl\u016f, barev a velikost\u00ed a nab\u00edzej\u00ed mo\u017enost vytvo\u0159it jedine\u010dn\u00e9 a ekologick\u00e9 ubytov\u00e1n\u00ed v m\u00edstech, kde by tradi\u010dn\u00ed stavebn\u00ed metody nebyly provediteln\u00e9 nebo ekonomick\u00e9. Nejd\u016fle\u017eit\u011bj\u0161\u00ed je, \u017ee ubytov\u00e1n\u00ed v kontejnerech je flexibiln\u00ed, snadno se instaluje a p\u0159estavuje a je atraktivn\u00ed alternativou jak pro hostitele, tak pro c\u00edlovou skupinu. Kdo je v\u0161ak c\u00edlovou skupinou kontejnerov\u00fdch hotel\u016f a kontejnerov\u00e9ho ubytov\u00e1n\u00ed?<\/p>\n\n\n\n<p>Pokud si trochu prohl\u00e9dnete, uvid\u00edte, \u017ee n\u016f\u017eky byly z hlediska nab\u00eddky otev\u0159eny: <\/p>\n\n\n\n<ul class=\"wp-block-list\">\n<li><strong><em>ubytov\u00e1n\u00ed vytvo\u0159en\u00e9 pod z\u00e1\u0161titou \u00faspor z rozsahu:<\/em><\/strong> takzvan\u00e9 kontejnerov\u00e9 hotely jsou navr\u017eeny tak, aby se v nich mohlo ubytovat co nejv\u00edce lid\u00ed - hlavn\u00edm aspektem je funk\u010dnost a schopnost ubytovat velk\u00fd po\u010det lid\u00ed a z\u00e1rove\u0148 uspokojit z\u00e1kladn\u00ed pot\u0159eby. V mnoha p\u0159\u00edpadech jsou ur\u010deny pro \u0159idi\u010de kamion\u016f a proj\u00ed\u017ed\u011bj\u00edc\u00ed turisty, ale dob\u0159e funguj\u00ed i jako pracovn\u00ed hotel. <\/li>\n<\/ul>\n\n\n\n<figure class=\"wp-block-image size-large\"><img fetchpriority=\"high\" decoding=\"async\" width=\"1024\" height=\"683\" src=\"https:\/\/pro-con.hu\/wp-content\/uploads\/2024\/04\/kontener-hotel-1024x683.jpg\" alt=\"\" class=\"wp-image-2318\" srcset=\"https:\/\/pro-con.hu\/wp-content\/uploads\/2024\/04\/kontener-hotel-1024x683.jpg 1024w, https:\/\/pro-con.hu\/wp-content\/uploads\/2024\/04\/kontener-hotel-300x200.jpg 300w, https:\/\/pro-con.hu\/wp-content\/uploads\/2024\/04\/kontener-hotel-768x512.jpg 768w, https:\/\/pro-con.hu\/wp-content\/uploads\/2024\/04\/kontener-hotel-600x400.jpg 600w, https:\/\/pro-con.hu\/wp-content\/uploads\/2024\/04\/kontener-hotel.jpg 1080w\" sizes=\"(max-width: 1024px) 100vw, 1024px\" \/><figcaption class=\"wp-element-caption\">Zdroj: <a href=\"http:\/\/trans.info\/en\/container-hotel-270494\" target=\"_blank\" rel=\"noreferrer noopener nofollow\">trans.info\/en\/container-hotel-270494<\/a><\/figcaption><\/figure>\n\n\n\n<ul class=\"wp-block-list\">\n<li><strong><em>individu\u00e1ln\u00ed modul\u00e1rn\u00ed ubytov\u00e1n\u00ed: <\/em><\/strong>tato ubytov\u00e1n\u00ed jsou vybavena jedine\u010dn\u00fdmi, sofistikovan\u00fdmi exteri\u00e9ry a interi\u00e9ry, kter\u00e9 p\u0159itahuj\u00ed c\u00edlovou skupinu, je\u017e d\u00e1v\u00e1 p\u0159ednost jedine\u010dn\u00fdm z\u00e1\u017eitk\u016fm, cestov\u00e1n\u00ed za pot\u011b\u0161en\u00edm, pohodl\u00ed a kvalitn\u011b str\u00e1ven\u00e9mu \u010dasu, zejm\u00e9na s rodinou a p\u0159\u00e1teli. Po\u010det noc\u00ed str\u00e1ven\u00fdch v t\u011bchto hotelech je vy\u0161\u0161\u00ed ne\u017e v hotelech kontejnerov\u00fdch. <\/li>\n<\/ul>\n\n\n\n<figure class=\"wp-block-image size-large\"><img decoding=\"async\" width=\"1024\" height=\"768\" src=\"https:\/\/pro-con.hu\/wp-content\/uploads\/2024\/04\/Photo-12-04-2024-19-45-22-1024x768.jpg\" alt=\"\" class=\"wp-image-2319\" srcset=\"https:\/\/pro-con.hu\/wp-content\/uploads\/2024\/04\/Photo-12-04-2024-19-45-22-1024x768.jpg 1024w, https:\/\/pro-con.hu\/wp-content\/uploads\/2024\/04\/Photo-12-04-2024-19-45-22-300x225.jpg 300w, https:\/\/pro-con.hu\/wp-content\/uploads\/2024\/04\/Photo-12-04-2024-19-45-22-768x576.jpg 768w, https:\/\/pro-con.hu\/wp-content\/uploads\/2024\/04\/Photo-12-04-2024-19-45-22-600x450.jpg 600w, https:\/\/pro-con.hu\/wp-content\/uploads\/2024\/04\/Photo-12-04-2024-19-45-22.jpg 1080w\" sizes=\"(max-width: 1024px) 100vw, 1024px\" \/><figcaption class=\"wp-element-caption\">Zdroj: <a href=\"https:\/\/www.almaskemp.hu\/\" target=\"_blank\" rel=\"noopener\">https:\/\/www.almaskemp.hu\/<\/a><\/figcaption><\/figure>\n\n\n\n<h2 class=\"wp-block-heading\"><strong>V\u00fdhody kontejnerov\u00e9ho ubytov\u00e1n\u00ed<\/strong><\/h2>\n\n\n\n<p>V\u00fdhody kontejnerov\u00e9ho ubytov\u00e1n\u00ed pro investory jsou:<\/p>\n\n\n\n<ul class=\"wp-block-list\">\n<li><strong>Rychl\u00e9 nasazen\u00ed a flexibilita:<\/strong> Kontejnerov\u00e9 domy lze rychle instalovat b\u011bhem 3-6 m\u011bs\u00edc\u016f a snadno uv\u00e9st do provozu, tak\u017ee jsou ide\u00e1ln\u00ed pro sez\u00f3nn\u00ed ubytov\u00e1n\u00ed. <\/li>\n\n\n\n<li><strong>Udr\u017eitelnost:<\/strong> Kontejnerov\u00e9 domy jsou energeticky \u00fasporn\u00e9, vyroben\u00e9 z materi\u00e1l\u016f \u0161etrn\u00fdch k \u017eivotn\u00edmu prost\u0159ed\u00ed a lze je udr\u017eovat, proto\u017ee samotn\u00e1 konstrukce a r\u00e1m jsou ji\u017e recyklovan\u00e9. <\/li>\n\n\n\n<li><strong>Jedine\u010dn\u00fd design:<\/strong> Kontejnerov\u00e9 domy maj\u00ed jedine\u010dn\u00fd vzhled, kter\u00fd je pro hosty atraktivn\u00ed. Maj\u00ed modern\u00ed a inovativn\u00ed fas\u00e1dy a tak\u00e9 jejich interi\u00e9ry nab\u00edzej\u00ed host\u016fm nov\u00e9 inspirativn\u00ed designov\u00e9 prvky. <\/li>\n\n\n\n<li><strong>N\u00e1kladov\u00e1 efektivita:<\/strong> Kontejnerov\u00e9 domy lze d\u00edky rychlosti instalace provozovat s rychlej\u0161\u00ed n\u00e1vratnost\u00ed investice ne\u017e konven\u010dn\u011b postaven\u00e9 obytn\u00e9 domy. <\/li>\n<\/ul>\n\n\n\n<figure class=\"wp-block-image size-full\"><img decoding=\"async\" width=\"1024\" height=\"768\" src=\"https:\/\/pro-con.hu\/wp-content\/uploads\/2024\/03\/PROCON40hc-egyutas-kontener.webp\" alt=\"\" class=\"wp-image-98\" style=\"aspect-ratio:3\/2;object-fit:cover\" srcset=\"https:\/\/pro-con.hu\/wp-content\/uploads\/2024\/03\/PROCON40hc-egyutas-kontener.webp 1024w, https:\/\/pro-con.hu\/wp-content\/uploads\/2024\/03\/PROCON40hc-egyutas-kontener-300x225.webp 300w, https:\/\/pro-con.hu\/wp-content\/uploads\/2024\/03\/PROCON40hc-egyutas-kontener-600x450.webp 600w, https:\/\/pro-con.hu\/wp-content\/uploads\/2024\/03\/PROCON40hc-egyutas-kontener-768x576.webp 768w\" sizes=\"(max-width: 1024px) 100vw, 1024px\" \/><\/figure>\n\n\n\n<h2 class=\"wp-block-heading\"><strong>Postup p\u0159i zav\u00e1d\u011bn\u00ed kontejnerov\u00e9ho ubytov\u00e1n\u00ed<\/strong><\/h2>\n\n\n\n<p>L\u00edb\u00ed se mi... l\u00edb\u00ed se mi. Ale jak m\u00e1m za\u010d\u00edt? Jak\u00e9 jsou kroky? N\u00ed\u017ee je uveden postup pro zaveden\u00ed kontejnerov\u00e9ho ubytov\u00e1n\u00ed. <\/p>\n\n\n\n<p><strong>1. Pr\u016fzkum trhu<\/strong> <strong>Sekce<\/strong>:<\/p>\n\n\n\n<ul class=\"wp-block-list\">\n<li>Anal\u00fdza m\u00edstn\u00edho trhu cestovn\u00edho ruchu a identifikace potenci\u00e1ln\u00ed z\u00e1kaznick\u00e9 z\u00e1kladny. Je vhodn\u00e9 zv\u00e1\u017eit n\u011bkolik metod (makroekonomick\u00e9 a jin\u00e9 ekonomick\u00e9 metody), prim\u00e1rn\u00ed v\u00fdzkum (vlastn\u00ed produkce) a sekund\u00e1rn\u00ed v\u00fdzkum (produkovan\u00fd jin\u00fdmi subjekty). <\/li>\n\n\n\n<li>Anal\u00fdza konkurence, anal\u00fdza cen a slu\u017eeb - v porovn\u00e1n\u00ed s t\u00edm, co chceme nab\u00edzet v na\u0161em ubytovac\u00edm za\u0159\u00edzen\u00ed nebo jeho prost\u0159ednictv\u00edm. <\/li>\n\n\n\n<li>Rozv\u00edjen\u00ed koncepce a t\u00e9matu ubytov\u00e1n\u00ed (nap\u0159. rodinn\u00e9, luxusn\u00ed, ekologicky udr\u017eiteln\u00e9). V t\u00e9to f\u00e1zi ji\u017e pravd\u011bpodobn\u011b m\u00e1te p\u0159edstavu o c\u00edlov\u00e9 skupin\u011b nebo o kvalit\u011b a vlastnostech ubytov\u00e1n\u00ed. <\/li>\n<\/ul>\n\n\n\n<p><strong>2. V\u00fdb\u011br m\u00edsta:<\/strong><\/p>\n\n\n\n<ul class=\"wp-block-list\">\n<li><strong>V\u00fdb\u011br atraktivn\u00edho a snadno dostupn\u00e9ho m\u00edsta: <\/strong>Bohu\u017eel tyto dva faktory nejdou v\u017edy ruku v ruce. Pokud ji\u017e m\u00e1te pozemek, na kter\u00e9m byste cht\u011bli vybudovat ubytovac\u00ed za\u0159\u00edzen\u00ed, ale nen\u00ed snadno dostupn\u00fd, zhodno\u0165te, zda m\u016f\u017eete o\u010dek\u00e1vat rozvoj infrastruktury, nebo zda bude projekt rentabiln\u00ed, pokud jej budete rozv\u00edjet sami. <\/li>\n\n\n\n<li><strong>Dostupnost pot\u0159ebn\u00e9 infrastruktury (nap\u0159. voda, elekt\u0159ina, kanalizace).<\/strong>: Konzultace s ve\u0159ejn\u00fdmi slu\u017ebami - zejm\u00e9na pokud jde o rozvoj s\u00edt\u011b - bohu\u017eel nikdy neprob\u00edhaj\u00ed rychle. Pokud jsou na\u0161e ambice ji\u017e stanoveny, rozhodn\u011b budeme kroky rozvoje s\u00edt\u011b obch\u00e1zet. <\/li>\n\n\n\n<li><strong>Znalost podm\u00ednek ubytovac\u00ed licence: <\/strong>je stejn\u011b d\u016fle\u017eit\u00fd, ale pomal\u00fd proces, proto mu v po\u010d\u00e1te\u010dn\u00ed f\u00e1zi v\u011bnujte zvl\u00e1\u0161tn\u00ed pozornost. <\/li>\n<\/ul>\n\n\n\n<p><strong>3. Proces spolupr\u00e1ce: <\/strong><\/p>\n\n\n\n<p>Podle na\u0161ich zku\u0161enost\u00ed jsou v\u0161echny kontejnerov\u00e9 a modul\u00e1rn\u00ed projekty z\u00e1visl\u00e9 na p\u0159\u00edprav\u011b a p\u0159edv\u00eddateln\u00e9m harmonogramu, a proto jsme pro v\u0161echny zp\u0159ehlednili jednotliv\u00e9 kroky procesu. Prov\u00e1d\u00edme na\u0161e klienty cel\u00fdm procesem: od prvn\u00ed osobn\u00ed konzultace a\u017e po n\u00e1\u010drtek pl\u00e1nu, od detailn\u00edho n\u00e1vrhu a\u017e po \u0159e\u0161en\u00ed na kl\u00ed\u010d. Proces spolupr\u00e1ce je transparentn\u00ed a jednoduch\u00fd:<\/p>\n\n\n\n<ul class=\"wp-block-list\">\n<li><strong>Posouzen\u00ed podm\u00ednek na m\u00edst\u011b: <\/strong>v p\u0159\u00edpad\u011b pochybnost\u00ed o p\u0159\u00edstupnosti staveni\u0161t\u011b bude provedena nepovinn\u00e1 prohl\u00eddka staveni\u0161t\u011b, p\u0159i n\u00ed\u017e se ov\u011b\u0159\u00ed, zda se na staveni\u0161t\u011b m\u016f\u017ee dostat velk\u00e9 n\u00e1kladn\u00ed vozidlo s plo\u0161inou nebo je\u0159\u00e1b a zda neexistuj\u00ed p\u0159ek\u00e1\u017eky br\u00e1n\u00edc\u00ed p\u0159eprav\u011b a mont\u00e1\u017ei dokon\u010den\u00fdch konstrukc\u00ed. <\/li>\n\n\n\n<li><strong>Vypracov\u00e1n\u00ed n\u00e1\u010drtu pl\u00e1nu a orienta\u010dn\u00ed cenov\u00e9 nab\u00eddky:<\/strong> Po zhodnocen\u00ed podm\u00ednek na m\u00edst\u011b a osobn\u00ed nebo online diskusi p\u0159iprav\u00edme orienta\u010dn\u00ed nab\u00eddku. <\/li>\n\n\n\n<li><strong>Podrobn\u00e1 nab\u00eddka konstrukce:<\/strong> Pokud se v\u00e1m na\u0161e orienta\u010dn\u00ed nab\u00eddka zal\u00edb\u00ed, p\u0159iprav\u00edme v\u00e1m individu\u00e1ln\u00ed nab\u00eddku a design podle va\u0161ich osobn\u00edch preferenc\u00ed. P\u0159\u00edpadn\u011b v\u00e1s v tomto okam\u017eiku po\u017e\u00e1d\u00e1me o zaplacen\u00ed spl\u00e1tky kupn\u00ed ceny 10%. <\/li>\n\n\n\n<li><strong>Uzav\u0159en\u00ed smlouvy, zah\u00e1jen\u00ed v\u00fdroby konstrukce: <\/strong>Po zaplacen\u00ed z\u00e1lohy bude zah\u00e1jen proces zad\u00e1v\u00e1n\u00ed zak\u00e1zek a v\u00fdroby konstrukce, <\/li>\n\n\n\n<li><strong>Intern\u00ed pr\u00e1ce: <\/strong>Po dokon\u010den\u00ed stavebn\u00edch prac\u00ed zah\u00e1j\u00edme pr\u00e1ce v interi\u00e9ru: instalujeme elektroinstalaci, malujeme, obkl\u00e1d\u00e1me, izolujeme a prov\u00e1d\u00edme dal\u0161\u00ed pr\u00e1ce.<\/li>\n\n\n\n<li><strong>Dod\u00e1vka, instalace:<\/strong> V t\u00e9to f\u00e1zi je kontejnerov\u00fd prostor p\u0159ipraven k instalaci. Dod\u00e1v\u00e1me do 15 pracovn\u00edch dn\u016f od zaplacen\u00ed na po\u017eadovan\u00e9 a ji\u017e p\u0159ipraven\u00e9 m\u00edsto.<\/li>\n<\/ul>\n\n\n\n<h2 class=\"wp-block-heading\">N\u00e1klady, doba n\u00e1vratnosti<\/h2>\n\n\n\n<p>Pro investory jsou nejd\u016fle\u017eit\u011bj\u0161\u00ed n\u00e1klady a doba n\u00e1vratnosti. Jak\u00e9 jsou hlavn\u00ed n\u00e1klady?<\/p>\n\n\n\n<ul class=\"wp-block-list\">\n<li><strong>N\u00e1kup a instalace kontejnerov\u00fdch domk\u016f: <\/strong>ubytov\u00e1n\u00ed v kontejnerech p\u0159edstavuje lv\u00ed pod\u00edl na n\u00e1kladech projektu.<\/li>\n\n\n\n<li><strong>Vybaven\u00ed interi\u00e9ru: <\/strong>pro interi\u00e9rov\u00e9 instalace, v\u00edme, \u017ee zde najdete v\u0161e od z\u00e1kladn\u00edch stroj\u016f a\u017e po pr\u00e9miovou kategorii. <\/li>\n\n\n\n<li><strong>Marketing a reklama: <\/strong>n\u00e1klady na propagaci nejsou zanedbatelnou sou\u010d\u00e1st\u00ed procesu: zahrnuj\u00ed marketingov\u00e9 pl\u00e1ny, tvorbu webov\u00fdch str\u00e1nek, smlouvy s poskytovateli ubytov\u00e1n\u00ed, tiskov\u00e9 a online reklamn\u00ed materi\u00e1ly, n\u00e1klady na reklamu, pr\u00e1ci s influencery atd. <\/li>\n\n\n\n<li>Modernizace infrastruktury v m\u00edst\u011b: pokud je t\u0159eba modernizovat in\u017een\u00fdrsk\u00e9 s\u00edt\u011b nebo silnice, m\u016f\u017ee to b\u00fdt tak\u00e9 v\u00fdznamn\u00e1 sou\u010d\u00e1st n\u00e1klad\u016f projektu. <\/li>\n<\/ul>\n\n\n\n<p><strong>4. O\u010dek\u00e1van\u00fd v\u00fdnos:<\/strong><\/p>\n\n\n\n<p>P\u0159i provozov\u00e1n\u00ed podniku je t\u0159eba vz\u00edt v \u00favahu \u0159adu n\u00e1klad\u016f (dan\u011b, n\u00e1klady na provoz a \u00fadr\u017ebu atd.), kter\u00e9 zde nebudeme rozeb\u00edrat, proto\u017ee ka\u017ed\u00fd p\u0159\u00edpad je zcela jedine\u010dn\u00fd. Z hlediska o\u010dek\u00e1van\u00e9ho v\u00fdnosu jsou v\u0161ak hlavn\u00edmi zdroji p\u0159\u00edjm\u016f nap\u0159:<\/p>\n\n\n\n<ul class=\"wp-block-list\">\n<li>Ceny ubytov\u00e1n\u00ed: lze stanovit s ohledem na polohu, vybaven\u00ed, infrastrukturu, jedine\u010dn\u00e9 z\u00e1\u017eitky, dopl\u0148kov\u00e9 slu\u017eby, ceny konkurence, ekonomickou situaci. <\/li>\n\n\n\n<li>Dopl\u0148kov\u00e9 slu\u017eby (nap\u0159. stravov\u00e1n\u00ed, programy): \u010d\u00edm v\u00edce dopl\u0148kov\u00fdch slu\u017eeb ubytov\u00e1n\u00ed nab\u00edz\u00ed, t\u00edm je pro hosty atraktivn\u011bj\u0161\u00ed a t\u00edm v\u00edce p\u0159\u00edle\u017eitost\u00ed k dosa\u017een\u00ed zisku nab\u00edz\u00ed. <\/li>\n<\/ul>\n\n\n\n<p><strong>5. Doba zotaven\u00ed:<\/strong><\/p>\n\n\n\n<ul class=\"wp-block-list\">\n<li>Vypo\u010d\u00edt\u00e1no na z\u00e1klad\u011b investi\u010dn\u00edch n\u00e1klad\u016f a o\u010dek\u00e1van\u00e9ho v\u00fdnosu.<\/li>\n<\/ul>\n\n\n\n<p><strong>P\u0159\u00edklad:<\/strong><\/p>\n\n\n\n<p>Investi\u010dn\u00ed n\u00e1klady na ubytovac\u00ed za\u0159\u00edzen\u00ed pro 4 osoby (12+6 osob) \u010din\u00ed 100 milion\u016f HUF. O\u010dek\u00e1van\u00fd ro\u010dn\u00ed v\u00fdnos je 20 milion\u016f HUF, doba n\u00e1vratnosti je v tomto p\u0159\u00edpad\u011b 5 let.<\/p>\n\n\n\n<figure class=\"wp-block-image size-full\"><img decoding=\"async\" width=\"1024\" height=\"768\" src=\"https:\/\/pro-con.hu\/wp-content\/uploads\/2024\/03\/PROCON40hc-egyutas-kontener.webp\" alt=\"\" class=\"wp-image-98\" style=\"aspect-ratio:3\/2;object-fit:cover\" srcset=\"https:\/\/pro-con.hu\/wp-content\/uploads\/2024\/03\/PROCON40hc-egyutas-kontener.webp 1024w, https:\/\/pro-con.hu\/wp-content\/uploads\/2024\/03\/PROCON40hc-egyutas-kontener-300x225.webp 300w, https:\/\/pro-con.hu\/wp-content\/uploads\/2024\/03\/PROCON40hc-egyutas-kontener-600x450.webp 600w, https:\/\/pro-con.hu\/wp-content\/uploads\/2024\/03\/PROCON40hc-egyutas-kontener-768x576.webp 768w\" sizes=\"(max-width: 1024px) 100vw, 1024px\" \/><\/figure>\n\n\n\n<p><strong>Dal\u0161\u00ed informace:<\/strong><\/p>\n\n\n\n<ul class=\"wp-block-list\">\n<li>Ubytov\u00e1n\u00ed pro prezentaci PROCON: <a href=\"https:\/\/www.almaskemp.hu\/\" target=\"_blank\" rel=\"noreferrer noopener\">almaskemp.hu<\/a><\/li>\n\n\n\n<li>Tipy pro ubytov\u00e1n\u00ed v kontejnerech:&nbsp;<\/li>\n<\/ul>\n\n\n\n<p>Kontejnerov\u00e9 ubytov\u00e1n\u00ed je slibnou podnikatelskou p\u0159\u00edle\u017eitost\u00ed, kter\u00e1 nab\u00edz\u00ed jedine\u010dn\u00fd z\u00e1\u017eitek pro hosty a dobrou n\u00e1vratnost investic.PRO-CON v\u00e1m pom\u016f\u017ee za\u010d\u00edt \u00fasp\u011b\u0161n\u011b podnikat d\u00edky inovativn\u00edm \u0159e\u0161en\u00edm a odborn\u00fdm znalostem.<\/p>\n\n\n\n<p><strong>Pr\u00e1vn\u00ed upozorn\u011bn\u00ed:<\/strong><\/p>\n\n\n\n<p>Informativn\u00ed informace. P\u0159ed investi\u010dn\u00edm rozhodnut\u00edm prove\u010fte d\u016fkladn\u00fd pr\u016fzkum trhu a pora\u010fte se s odborn\u00edky.<\/p>\n\n\n\n<p>Kontaktujte n\u00e1s pro bezplatnou kalkulaci.<\/p>","protected":false},"excerpt":{"rendered":"<p>El\u0151fordulhat, hogy s\u00fcrg\u0151sen be kell jutnunk egy kont\u00e9nerbe, de a plomba s\u00e9rtetlen, \u00e9s nem akarjuk megbontani. Szerencs\u00e9re van n\u00e9h\u00e1ny tr\u00fckk, amivel elker\u00fclhetj\u00fck a plomba elt\u00e1vol\u00edt\u00e1s\u00e1t.<\/p>","protected":false},"author":1,"featured_media":98,"comment_status":"closed","ping_status":"closed","sticky":false,"template":"","format":"standard","meta":{"_acf_changed":false,"footnotes":""},"categories":[11],"tags":[],"class_list":["post-1","post","type-post","status-publish","format-standard","has-post-thumbnail","hentry","category-kontener"],"acf":[],"_links":{"self":[{"href":"https:\/\/pro-con.hu\/cs\/wp-json\/wp\/v2\/posts\/1","targetHints":{"allow":["GET"]}}],"collection":[{"href":"https:\/\/pro-con.hu\/cs\/wp-json\/wp\/v2\/posts"}],"about":[{"href":"https:\/\/pro-con.hu\/cs\/wp-json\/wp\/v2\/types\/post"}],"author":[{"embeddable":true,"href":"https:\/\/pro-con.hu\/cs\/wp-json\/wp\/v2\/users\/1"}],"replies":[{"embeddable":true,"href":"https:\/\/pro-con.hu\/cs\/wp-json\/wp\/v2\/comments?post=1"}],"version-history":[{"count":21,"href":"https:\/\/pro-con.hu\/cs\/wp-json\/wp\/v2\/posts\/1\/revisions"}],"predecessor-version":[{"id":3235,"href":"https:\/\/pro-con.hu\/cs\/wp-json\/wp\/v2\/posts\/1\/revisions\/3235"}],"wp:featuredmedia":[{"embeddable":true,"href":"https:\/\/pro-con.hu\/cs\/wp-json\/wp\/v2\/media\/98"}],"wp:attachment":[{"href":"https:\/\/pro-con.hu\/cs\/wp-json\/wp\/v2\/media?parent=1"}],"wp:term":[{"taxonomy":"category","embeddable":true,"href":"https:\/\/pro-con.hu\/cs\/wp-json\/wp\/v2\/categories?post=1"},{"taxonomy":"post_tag","embeddable":true,"href":"https:\/\/pro-con.hu\/cs\/wp-json\/wp\/v2\/tags?post=1"}],"curies":[{"name":"wp","href":"https:\/\/api.w.org\/{rel}","templated":true}]}}